{"id":16647,"date":"2019-05-03T00:16:34","date_gmt":"2019-05-03T03:16:34","guid":{"rendered":"http:\/\/www.portalalerta.com.br\/?p=16647"},"modified":"2019-05-03T00:16:34","modified_gmt":"2019-05-03T03:16:34","slug":"preso-na-mesma-ala-de-geddel-morre-com-suspeita-de-leptospirose-local-tem-infestacao-de-ratos","status":"publish","type":"post","link":"https:\/\/www.portalalerta.com.br\/index.php\/2019\/05\/03\/preso-na-mesma-ala-de-geddel-morre-com-suspeita-de-leptospirose-local-tem-infestacao-de-ratos\/","title":{"rendered":"Preso na mesma ala de Geddel morre com suspeita de leptospirose; local tem infesta\u00e7\u00e3o de ratos"},"content":{"rendered":"<p style=\"text-align: justify;\">Detento respondia pelo crime de estupro e estava preso desde 2016<!--more--><\/p>\n<p style=\"text-align: justify;\">Um detento que cumpria pena na Penitenci\u00e1ria do Distrito Federal I (PDF I), localizada no Complexo da Papuda, em Bras\u00edlia, morreu no domingo (28), com suspeita de leptospirose \u2013 doen\u00e7a transmitida pela urina do rato. Segundo informa\u00e7\u00f5es do portal Metr\u00f3poles, Jorge Wellington Braga de Sousa Silva, 37 anos, respondia pelo crime de estupro e estava preso desde 2016. A ala em que ele estava \u00e9 a mesma em que o ex-ministro Geddel Vieira Lima est\u00e1 preso.<\/p>\n<p style=\"text-align: justify;\"><img fetchpriority=\"high\" decoding=\"async\" class=\"size-full wp-image-2902 alignleft\" src=\"http:\/\/www.portalalerta.com.br\/wp-content\/uploads\/2017\/11\/elab-2.jpg\" alt=\"\" width=\"310\" height=\"200\" srcset=\"https:\/\/www.portalalerta.com.br\/wp-content\/uploads\/2017\/11\/elab-2.jpg 310w, https:\/\/www.portalalerta.com.br\/wp-content\/uploads\/2017\/11\/elab-2-226x146.jpg 226w, https:\/\/www.portalalerta.com.br\/wp-content\/uploads\/2017\/11\/elab-2-50x32.jpg 50w, https:\/\/www.portalalerta.com.br\/wp-content\/uploads\/2017\/11\/elab-2-116x75.jpg 116w\" sizes=\"(max-width: 310px) 100vw, 310px\" \/>Conforme o advogado do detento, Adriano dos Santos Sousa Silva, ele foi internado na quinta-feira (25), ap\u00f3s passar mal durante a noite. Ele sofreu uma parada cardiorrespirat\u00f3ria, os rins n\u00e3o funcionavam mais e ele estava respirando com ajuda de aparelhos. No hospital, os m\u00e9dicos constataram leptospirose, no entanto, um laudo sobre a causa da morte deve ficar pronto em 30 dias e ser\u00e1 realizado pelo Instituto M\u00e9dico Legal (IML).<\/p>\n<p style=\"text-align: justify;\">Em entrevista \u00e0 publica\u00e7\u00e3o, os agentes penitenci\u00e1rios afirmaram que as unidades da Papuda est\u00e3o infestadas de ratos e durante os plant\u00f5es eles chegam a matar os animais com \u201cespingarda de chumbinho\u201d. O subsecret\u00e1rio do Sistema Penitenci\u00e1rio (Sesipe), Adval Cardoso de Matos, disse ao portal que a situa\u00e7\u00e3o mais cr\u00edtica \u00e9 no Pavilh\u00e3o de Seguran\u00e7a M\u00e1xima da Penitenci\u00e1ria do DF I (PDF I), mesma ala que Geddel est\u00e1 preso em uma cela individual, desde que foi transferido em 2018.<\/p>\n<p style=\"text-align: justify;\"><em>Fonte: Gazeta do Mel<\/em><\/p>\n<p style=\"text-align: justify;\"><em>Com informa\u00e7\u00f5es: Varela Not\u00edcias<\/em><\/p>\n","protected":false},"excerpt":{"rendered":"<p>Detento respondia pelo crime de estupro e estava preso desde 2016<\/p>\n","protected":false},"author":2,"featured_media":16648,"comment_status":"open","ping_status":"open","sticky":false,"template":"","format":"standard","meta":{"om_disable_all_campaigns":false,"_monsterinsights_skip_tracking":false,"_monsterinsights_sitenote_active":false,"_monsterinsights_sitenote_note":"","_monsterinsights_sitenote_category":0,"footnotes":""},"categories":[34,70,69,21],"tags":[542,2663,169,1256,77],"class_list":["post-16647","post","type-post","status-publish","format-standard","has-post-thumbnail","hentry","category-brasil","category-destaques","category-noticias2","category-politica","tag-geddel","tag-leptospirose","tag-morte","tag-presidio-da-papuda","tag-preso"],"aioseo_notices":[],"_links":{"self":[{"href":"https:\/\/www.portalalerta.com.br\/index.php\/wp-json\/wp\/v2\/posts\/16647","targetHints":{"allow":["GET"]}}],"collection":[{"href":"https:\/\/www.portalalerta.com.br\/index.php\/wp-json\/wp\/v2\/posts"}],"about":[{"href":"https:\/\/www.portalalerta.com.br\/index.php\/wp-json\/wp\/v2\/types\/post"}],"author":[{"embeddable":true,"href":"https:\/\/www.portalalerta.com.br\/index.php\/wp-json\/wp\/v2\/users\/2"}],"replies":[{"embeddable":true,"href":"https:\/\/www.portalalerta.com.br\/index.php\/wp-json\/wp\/v2\/comments?post=16647"}],"version-history":[{"count":0,"href":"https:\/\/www.portalalerta.com.br\/index.php\/wp-json\/wp\/v2\/posts\/16647\/revisions"}],"wp:featuredmedia":[{"embeddable":true,"href":"https:\/\/www.portalalerta.com.br\/index.php\/wp-json\/wp\/v2\/media\/16648"}],"wp:attachment":[{"href":"https:\/\/www.portalalerta.com.br\/index.php\/wp-json\/wp\/v2\/media?parent=16647"}],"wp:term":[{"taxonomy":"category","embeddable":true,"href":"https:\/\/www.portalalerta.com.br\/index.php\/wp-json\/wp\/v2\/categories?post=16647"},{"taxonomy":"post_tag","embeddable":true,"href":"https:\/\/www.portalalerta.com.br\/index.php\/wp-json\/wp\/v2\/tags?post=16647"}],"curies":[{"name":"wp","href":"https:\/\/api.w.org\/{rel}","templated":true}]}}