{"id":16666,"date":"2019-05-03T12:52:22","date_gmt":"2019-05-03T15:52:22","guid":{"rendered":"http:\/\/www.portalalerta.com.br\/?p=16666"},"modified":"2019-05-03T12:52:22","modified_gmt":"2019-05-03T15:52:22","slug":"veiculo-roubado-e-recuperado-pela-prf-em-ribeira-do-pombal-ba","status":"publish","type":"post","link":"https:\/\/www.portalalerta.com.br\/index.php\/2019\/05\/03\/veiculo-roubado-e-recuperado-pela-prf-em-ribeira-do-pombal-ba\/","title":{"rendered":"Ve\u00edculo roubado \u00e9 recuperado pela PRF em Ribeira do Pombal -BA"},"content":{"rendered":"<p style=\"text-align: justify;\">Na tarde de quarta-feira,1\u00ba, Policiais Rodovi\u00e1rios Federais recuperaram um caminh\u00e3o roubado, durante uma fiscaliza\u00e7\u00e3o realizada no munic\u00edpio baiano de Ribeira do Pombal. A a\u00e7\u00e3o foi registrada por volta das 12h, no KM 170 da BR 110.<!--more--><\/p>\n<p><img fetchpriority=\"high\" decoding=\"async\" class=\"alignleft wp-image-16510 size-full\" src=\"http:\/\/www.portalalerta.com.br\/wp-content\/uploads\/2019\/04\/Dia-das-m\u00e3es-Real-Cal\u00e7ados-2019.jpeg\" alt=\"\" width=\"300\" height=\"533\" srcset=\"https:\/\/www.portalalerta.com.br\/wp-content\/uploads\/2019\/04\/Dia-das-m\u00e3es-Real-Cal\u00e7ados-2019.jpeg 300w, https:\/\/www.portalalerta.com.br\/wp-content\/uploads\/2019\/04\/Dia-das-m\u00e3es-Real-Cal\u00e7ados-2019-135x240.jpeg 135w, https:\/\/www.portalalerta.com.br\/wp-content\/uploads\/2019\/04\/Dia-das-m\u00e3es-Real-Cal\u00e7ados-2019-82x146.jpeg 82w, https:\/\/www.portalalerta.com.br\/wp-content\/uploads\/2019\/04\/Dia-das-m\u00e3es-Real-Cal\u00e7ados-2019-28x50.jpeg 28w, https:\/\/www.portalalerta.com.br\/wp-content\/uploads\/2019\/04\/Dia-das-m\u00e3es-Real-Cal\u00e7ados-2019-42x75.jpeg 42w\" sizes=\"(max-width: 300px) 100vw, 300px\" \/>Ao abordar o ve\u00edculo e analisar seus elementos identificadores, os PRFs constataram ind\u00edcios de adultera\u00e7\u00f5es nas marca\u00e7\u00f5es do chassi e motor. Tamb\u00e9m foi verificado se tratar na verdade de um ve\u00edculo roubado. O caminh\u00e3o transitava com placas clonadas de outro ve\u00edculo de modelo semelhante, tendo em vista que as suas originais possuem registro de roubo.<\/p>\n<p>O condutor, cuja identidade n\u00e3o foi divulgada, foi encaminhado juntamente com o caminh\u00e3o apreendido para a delegacia de pol\u00edcia judici\u00e1ria local para as demais provid\u00eancias.<\/p>\n<p><em>Fonte: C\u00edcero Dantas Acontece<\/em><\/p>\n<p style=\"text-align: justify;\"><em>Com informa\u00e7\u00f5es: Por:Nucom.BA<\/em><\/p>\n","protected":false},"excerpt":{"rendered":"<p>Na tarde de quarta-feira,1\u00ba, Policiais Rodovi\u00e1rios Federais recuperaram um caminh\u00e3o roubado, durante uma fiscaliza\u00e7\u00e3o realizada no munic\u00edpio baiano de Ribeira do Pombal. A a\u00e7\u00e3o foi registrada por volta das 12h, no KM 170 da BR 110.<\/p>\n","protected":false},"author":2,"featured_media":16667,"comment_status":"open","ping_status":"open","sticky":false,"template":"","format":"standard","meta":{"om_disable_all_campaigns":false,"_monsterinsights_skip_tracking":false,"_monsterinsights_sitenote_active":false,"_monsterinsights_sitenote_note":"","_monsterinsights_sitenote_category":0,"footnotes":""},"categories":[70,69,32,3,22],"tags":[77,149,47,1195,102,1502],"class_list":["post-16666","post","type-post","status-publish","format-standard","has-post-thumbnail","hentry","category-destaques","category-noticias2","category-regiao","category-ribeira-do-pombal","category-seguranca","tag-preso","tag-prf","tag-ribeira-do-pombal","tag-roubo-de-caminhao","tag-veiculo-recuperado","tag-veiculo-roubado"],"aioseo_notices":[],"_links":{"self":[{"href":"https:\/\/www.portalalerta.com.br\/index.php\/wp-json\/wp\/v2\/posts\/16666","targetHints":{"allow":["GET"]}}],"collection":[{"href":"https:\/\/www.portalalerta.com.br\/index.php\/wp-json\/wp\/v2\/posts"}],"about":[{"href":"https:\/\/www.portalalerta.com.br\/index.php\/wp-json\/wp\/v2\/types\/post"}],"author":[{"embeddable":true,"href":"https:\/\/www.portalalerta.com.br\/index.php\/wp-json\/wp\/v2\/users\/2"}],"replies":[{"embeddable":true,"href":"https:\/\/www.portalalerta.com.br\/index.php\/wp-json\/wp\/v2\/comments?post=16666"}],"version-history":[{"count":0,"href":"https:\/\/www.portalalerta.com.br\/index.php\/wp-json\/wp\/v2\/posts\/16666\/revisions"}],"wp:featuredmedia":[{"embeddable":true,"href":"https:\/\/www.portalalerta.com.br\/index.php\/wp-json\/wp\/v2\/media\/16667"}],"wp:attachment":[{"href":"https:\/\/www.portalalerta.com.br\/index.php\/wp-json\/wp\/v2\/media?parent=16666"}],"wp:term":[{"taxonomy":"category","embeddable":true,"href":"https:\/\/www.portalalerta.com.br\/index.php\/wp-json\/wp\/v2\/categories?post=16666"},{"taxonomy":"post_tag","embeddable":true,"href":"https:\/\/www.portalalerta.com.br\/index.php\/wp-json\/wp\/v2\/tags?post=16666"}],"curies":[{"name":"wp","href":"https:\/\/api.w.org\/{rel}","templated":true}]}}