{"id":16669,"date":"2019-05-03T13:02:25","date_gmt":"2019-05-03T16:02:25","guid":{"rendered":"http:\/\/www.portalalerta.com.br\/?p=16669"},"modified":"2019-05-03T13:02:25","modified_gmt":"2019-05-03T16:02:25","slug":"coordenador-e-morto-a-tiros-disparados-por-aluno-em-escola-de-valparaiso-de-goias","status":"publish","type":"post","link":"https:\/\/www.portalalerta.com.br\/index.php\/2019\/05\/03\/coordenador-e-morto-a-tiros-disparados-por-aluno-em-escola-de-valparaiso-de-goias\/","title":{"rendered":"Coordenador \u00e9 morto \u00e0 tiros disparados por aluno, em escola de  Valpara\u00edso de Goi\u00e1s"},"content":{"rendered":"<p style=\"text-align: justify;\">De acordo com a pol\u00edcia, estudante de 17 anos discutiu com J\u00falio Cesar Barroso de Sousa e n\u00e3o gostou quando o coordenador falou que ia transferi-lo. O menor, segundo o delegado, ainda atirou mais uma vez na v\u00edtima ap\u00f3s cair.<!--more--><\/p>\n<p style=\"text-align: justify;\">Um tiro pelas costas, enquanto corria, e outra a curta dist\u00e2ncia. Foi desta forma que, segundo a pol\u00edcia, o coordenador da Escola Estadual C\u00e9u Azul, em Valpara\u00edso de Goi\u00e1s,\u00a0J\u00falio Cesar Barroso de Sousa, 41 anos, foi morto por um aluno uniformizado de 17 anos dentro do col\u00e9gio na tarde desta ter\u00e7a-feira (30). De acordo com o delegado Rafael Abr\u00e3o, a escola estava cheia no momento do crime e o menor ainda n\u00e3o foi localizado.<\/p>\n<p style=\"text-align: justify;\"><img fetchpriority=\"high\" decoding=\"async\" class=\"size-full wp-image-2902 alignleft\" src=\"http:\/\/www.portalalerta.com.br\/wp-content\/uploads\/2017\/11\/elab-2.jpg\" alt=\"\" width=\"310\" height=\"200\" srcset=\"https:\/\/www.portalalerta.com.br\/wp-content\/uploads\/2017\/11\/elab-2.jpg 310w, https:\/\/www.portalalerta.com.br\/wp-content\/uploads\/2017\/11\/elab-2-226x146.jpg 226w, https:\/\/www.portalalerta.com.br\/wp-content\/uploads\/2017\/11\/elab-2-50x32.jpg 50w, https:\/\/www.portalalerta.com.br\/wp-content\/uploads\/2017\/11\/elab-2-116x75.jpg 116w\" sizes=\"(max-width: 310px) 100vw, 310px\" \/>Nenhum advogado havia se apresentado na delegacia at\u00e9 o in\u00edcio desta noite, como respons\u00e1vel pela defesa do menor. As secretarias estaduais de Educa\u00e7\u00e3o e Seguran\u00e7a P\u00fablica emitiram notas informando que acompanham o caso com equipes em\u00a0Vaplara\u00edso de Goi\u00e1s.\u00a0<em>(veja as notas na \u00edntegra abaixo)<\/em><\/p>\n<p style=\"text-align: justify;\">\u201cEle invadiu a sala dos professores, onde a v\u00edtima estava, teve uma breve discuss\u00e3o entre eles, foi quando o menor sacou o rev\u00f3lver. O professor ainda tentou correr, ele efetuou um dos disparos nas costas, a v\u00edtima caiu e, em seguida, ele (menor) foi a curta dist\u00e2ncia e efetuou mais um disparo\u201d, informou o titular do Grupo de Investiga\u00e7\u00e3o de Homic\u00eddios de Valpara\u00edso.<\/p>\n<p style=\"text-align: justify;\">Antes do crime \u00e0 tarde, pela manh\u00e3, o aluno e o coordenador j\u00e1 tinham discutido, segundo o delegado.<\/p>\n<p style=\"text-align: justify;\">\u201cEste aluno chegou a ofender verbalmente a professora e o coordenador interviu na discuss\u00e3o e tamb\u00e9m come\u00e7ou uma discuss\u00e3o. Foi quando o coordenador disse que ia transferi-lo de escola. Nesse momento, o aluno virou para ele e disse: \u2018o senhor pode at\u00e9 me transferir de escola, mas voc\u00ea vai pagar por isso. Mais tarde esse aluno retornou para escola, j\u00e1 armado, ao que tudo indica com um rev\u00f3lver\u201d, relatou Rafael Abr\u00e3o.<\/p>\n<p style=\"text-align: justify;\">Ainda segundo o delegado estava tendo aula normal quando o crime ocorreu, o que provocou uma correia. &#8220;A escola estava cheia. O pessoal chegou a cogitar at\u00e9 algum tipo de atentado, porque eles escutaram os estampidos de arma de fogo\u201d, comentou.<\/p>\n<p style=\"text-align: justify;\">O delegado j\u00e1 iniciou as buscas pelo menor, que tem, segundo ele, antecedente por ato infracional an\u00e1logo a roubo. No entanto, n\u00e3o haveria registro de confus\u00f5es na escola, antes desta discuss\u00e3o com a professora, que teria o repreendido por problemas disciplinares, ainda n\u00e3o divulgados.<\/p>\n<p style=\"text-align: justify;\">\u201cSegundo relatos, este aluno n\u00e3o era um aluno problem\u00e1tico. Era um aluno mais quieto, mais reservado e nunca se envolveu em nenhum tipo de confus\u00e3o na escola\u201d, afirmou o titular do GIH.<\/p>\n<figure id=\"attachment_16670\" aria-describedby=\"caption-attachment-16670\" style=\"width: 500px\" class=\"wp-caption aligncenter\"><img decoding=\"async\" class=\"wp-image-16670 size-full\" src=\"http:\/\/www.portalalerta.com.br\/wp-content\/uploads\/2019\/05\/Homic\u00eddio-em-escola-de-Valpara\u00edso-de-Goi\u00e1s-2019.1.jpg\" alt=\"\" width=\"500\" height=\"300\" srcset=\"https:\/\/www.portalalerta.com.br\/wp-content\/uploads\/2019\/05\/Homic\u00eddio-em-escola-de-Valpara\u00edso-de-Goi\u00e1s-2019.1.jpg 500w, https:\/\/www.portalalerta.com.br\/wp-content\/uploads\/2019\/05\/Homic\u00eddio-em-escola-de-Valpara\u00edso-de-Goi\u00e1s-2019.1-400x240.jpg 400w, https:\/\/www.portalalerta.com.br\/wp-content\/uploads\/2019\/05\/Homic\u00eddio-em-escola-de-Valpara\u00edso-de-Goi\u00e1s-2019.1-243x146.jpg 243w, https:\/\/www.portalalerta.com.br\/wp-content\/uploads\/2019\/05\/Homic\u00eddio-em-escola-de-Valpara\u00edso-de-Goi\u00e1s-2019.1-50x30.jpg 50w, https:\/\/www.portalalerta.com.br\/wp-content\/uploads\/2019\/05\/Homic\u00eddio-em-escola-de-Valpara\u00edso-de-Goi\u00e1s-2019.1-125x75.jpg 125w, https:\/\/www.portalalerta.com.br\/wp-content\/uploads\/2019\/05\/Homic\u00eddio-em-escola-de-Valpara\u00edso-de-Goi\u00e1s-2019.1-250x150.jpg 250w\" sizes=\"(max-width: 500px) 100vw, 500px\" \/><figcaption id=\"caption-attachment-16670\" class=\"wp-caption-text\">O coordenador J\u00falio Cesar Barroso de Sousa foi morto a tiros por um aluno da escola estadual C\u00e9u Azul em Valpara\u00edso de Goi\u00e1s \u2014 Foto: Reprodu\u00e7\u00e3o<\/figcaption><\/figure>\n<p style=\"text-align: justify;\">Sobre como o aluno entrou armado na escola, Abr\u00e3o diz que o fato dele estar uniformizado foi o que facilitou.<\/p>\n<p style=\"text-align: justify;\">\u201cN\u00f3s acreditamos que ele teria livre acesso \u00e0 escola, inclusive ele estava com o uniforme da escola, ent\u00e3o por isso ele entrou. \u00c9 um aluno que j\u00e1 estuda h\u00e1 bastante tempo na escola, ent\u00e3o ele tinha livre acesso ao local\u201d, relatou o delegado.<\/p>\n<p style=\"text-align: justify;\">A fam\u00edlia do aluno moraria a quatro quadras da escola, onde a pol\u00edcia j\u00e1 fez buscas por ele. At\u00e9 por volta das 20h30 desta ter\u00e7a ainda n\u00e3o havia informa\u00e7\u00e3o sobre os hor\u00e1rios e locais do vel\u00f3rio e sepultamento.<\/p>\n<p style=\"text-align: justify;\">De acordo com informa\u00e7\u00f5es da TV Anhanguera, J\u00falio C\u00e9sar era casado e deixa dois filhos pequenos de 4 e 6 anos.<\/p>\n<p style=\"text-align: justify;\"><strong>Nota da Seduc<\/strong><\/p>\n<p style=\"text-align: justify;\"><em>&#8220;A Secretaria de Estado da Educa\u00e7\u00e3o de Goi\u00e1s (Seduc) lamenta a morte do professor J\u00falio Barroso, coordenador de turno do Col\u00e9gio Estadual C\u00e9u Azul, de Valpara\u00edso de Goi\u00e1s. Com imenso pesar, informa que o professor J\u00falio foi baleado por L. R. L., de 17 anos, aluno da escola. O Servi\u00e7o de Sa\u00fade (Samu) foi acionado, mas, infelizmente, o professor morreu ainda na unidade escolar. Tamb\u00e9m foram acionadas a Pol\u00edcia Militar e a Policia Civil, a cargo de quem correm as investiga\u00e7\u00f5es.<\/em><\/p>\n<p style=\"text-align: justify;\"><em>A Seduc acompanha o ocorrido e est\u00e1 com equipes no local para prestar o apoio \u00e0 comunidade escolar neste momento de tristeza e perplexidade. Tamb\u00e9m, com o mesmo prop\u00f3sito, ser\u00e1 deslocada \u00e0 cidade de Valpara\u00edso uma equipe multidisciplinar, composta por psic\u00f3logo, assistente social e integrantes da Superintend\u00eancia de Seguran\u00e7a Escolar da Seduc. A Seduc reitera que tem feito todos os esfor\u00e7os no sentido de contribuir para a cultura da paz&#8221;.<\/em><\/p>\n<p style=\"text-align: justify;\"><strong>Nota da SSP-GO<\/strong><\/p>\n<p style=\"text-align: justify;\"><em>&#8220;A Secretaria de Seguran\u00e7a P\u00fablica (SSP) informa que todas as for\u00e7as policiais j\u00e1 est\u00e3o atuando para apreender o adolescente suspeito da morte do professor J\u00falio C\u00e9sar Barroso de Sousa, em Valpara\u00edso de Goi\u00e1s. As investiga\u00e7\u00f5es est\u00e3o sob a responsabilidade da Pol\u00edcia Civil.<\/em><\/p>\n<p style=\"text-align: justify;\"><em>Em rela\u00e7\u00e3o \u00e0 preven\u00e7\u00e3o de ocorr\u00eancias criminais no \u00e2mbito escolar, a SSP ressalta que diversas a\u00e7\u00f5es de conscientiza\u00e7\u00e3o s\u00e3o realizadas. Uma delas \u00e9 o Programa Estadual de Resist\u00eancia \u00e0s Drogas (Proerd), que al\u00e9m da preven\u00e7\u00e3o prim\u00e1ria \u00e0s drogas, promove a\u00e7\u00f5es de cidadania e redu\u00e7\u00e3o da viol\u00eancia. Por meio desta iniciativa, os policiais tamb\u00e9m detectam crian\u00e7as que s\u00e3o v\u00edtimas de maus tratos, bullying, viol\u00eancia sexual, bem como pais que s\u00e3o usu\u00e1rios e traficantes de drogas&#8221;.<\/em><\/p>\n<p style=\"text-align: justify;\"><em>Fonte: G1<\/em><\/p>\n","protected":false},"excerpt":{"rendered":"<p>De acordo com a pol\u00edcia, estudante de 17 anos discutiu com J\u00falio Cesar Barroso de Sousa e n\u00e3o gostou quando o coordenador falou que ia transferi-lo. O menor, segundo o delegado, ainda atirou mais uma vez na v\u00edtima ap\u00f3s cair.<\/p>\n","protected":false},"author":2,"featured_media":16671,"comment_status":"open","ping_status":"open","sticky":false,"template":"","format":"standard","meta":{"om_disable_all_campaigns":false,"_monsterinsights_skip_tracking":false,"_monsterinsights_sitenote_active":false,"_monsterinsights_sitenote_note":"","_monsterinsights_sitenote_category":0,"footnotes":""},"categories":[34,70,69,22],"tags":[1222,143,93,2667,375,267,206,57,169,2666],"class_list":["post-16669","post","type-post","status-publish","format-standard","has-post-thumbnail","hentry","category-brasil","category-destaques","category-noticias2","category-seguranca","tag-adolescente","tag-apreensao","tag-brasil","tag-coordenador","tag-disparos-de-arma-de-fogo","tag-goias","tag-homicidio","tag-menor","tag-morte","tag-valparaiso-de-goias"],"aioseo_notices":[],"_links":{"self":[{"href":"https:\/\/www.portalalerta.com.br\/index.php\/wp-json\/wp\/v2\/posts\/16669","targetHints":{"allow":["GET"]}}],"collection":[{"href":"https:\/\/www.portalalerta.com.br\/index.php\/wp-json\/wp\/v2\/posts"}],"about":[{"href":"https:\/\/www.portalalerta.com.br\/index.php\/wp-json\/wp\/v2\/types\/post"}],"author":[{"embeddable":true,"href":"https:\/\/www.portalalerta.com.br\/index.php\/wp-json\/wp\/v2\/users\/2"}],"replies":[{"embeddable":true,"href":"https:\/\/www.portalalerta.com.br\/index.php\/wp-json\/wp\/v2\/comments?post=16669"}],"version-history":[{"count":0,"href":"https:\/\/www.portalalerta.com.br\/index.php\/wp-json\/wp\/v2\/posts\/16669\/revisions"}],"wp:featuredmedia":[{"embeddable":true,"href":"https:\/\/www.portalalerta.com.br\/index.php\/wp-json\/wp\/v2\/media\/16671"}],"wp:attachment":[{"href":"https:\/\/www.portalalerta.com.br\/index.php\/wp-json\/wp\/v2\/media?parent=16669"}],"wp:term":[{"taxonomy":"category","embeddable":true,"href":"https:\/\/www.portalalerta.com.br\/index.php\/wp-json\/wp\/v2\/categories?post=16669"},{"taxonomy":"post_tag","embeddable":true,"href":"https:\/\/www.portalalerta.com.br\/index.php\/wp-json\/wp\/v2\/tags?post=16669"}],"curies":[{"name":"wp","href":"https:\/\/api.w.org\/{rel}","templated":true}]}}