{"id":16684,"date":"2019-05-03T20:50:42","date_gmt":"2019-05-03T23:50:42","guid":{"rendered":"http:\/\/www.portalalerta.com.br\/?p=16684"},"modified":"2019-05-03T20:50:42","modified_gmt":"2019-05-03T23:50:42","slug":"associacao-de-protecao-veicular-investe-em-acao-social-na-bahia","status":"publish","type":"post","link":"https:\/\/www.portalalerta.com.br\/index.php\/2019\/05\/03\/associacao-de-protecao-veicular-investe-em-acao-social-na-bahia\/","title":{"rendered":"Associa\u00e7\u00e3o de Prote\u00e7\u00e3o Veicular investe em a\u00e7\u00e3o social na Bahia"},"content":{"rendered":"<p style=\"text-align: justify;\">O que poucos sabem, \u00e9 que Associa\u00e7\u00f5es de Prote\u00e7\u00e3o Veicular s\u00e3o isentas de pagamentos de determinados Impostos, tendo que em contrapartida, investir em a\u00e7\u00e3o social.<!--more--><\/p>\n<p style=\"text-align: justify;\">Na regi\u00e3o, uma das Associa\u00e7\u00f5es que exerce esta atividade \u00e9 COOPERCAR, que reverte parte de sua renda para ajudar ao pr\u00f3ximo. Em Alagoinhas-BA, munic\u00edpio sede da entidade, foi constru\u00edda uma Casa de Acolhimento para Moradores de Rua, intitulada de Nova Vida, justamente pela tentativa de oferecer uma Nova Vida para os necessitados, al\u00e9m de oferecer um lar provis\u00f3rio com: alimenta\u00e7\u00e3o, terapias, e reinser\u00e7\u00e3o na sociedade, todos bancados pela entidade.<\/p>\n<figure id=\"attachment_16689\" aria-describedby=\"caption-attachment-16689\" style=\"width: 432px\" class=\"wp-caption aligncenter\"><img fetchpriority=\"high\" decoding=\"async\" class=\"wp-image-16689 size-thumbnail\" src=\"http:\/\/www.portalalerta.com.br\/wp-content\/uploads\/2019\/05\/Casa-de-Acolhimento-Nova-Vida-432x240.jpeg\" alt=\"\" width=\"432\" height=\"240\" srcset=\"https:\/\/www.portalalerta.com.br\/wp-content\/uploads\/2019\/05\/Casa-de-Acolhimento-Nova-Vida-432x240.jpeg 432w, https:\/\/www.portalalerta.com.br\/wp-content\/uploads\/2019\/05\/Casa-de-Acolhimento-Nova-Vida-260x144.jpeg 260w, https:\/\/www.portalalerta.com.br\/wp-content\/uploads\/2019\/05\/Casa-de-Acolhimento-Nova-Vida-50x28.jpeg 50w, https:\/\/www.portalalerta.com.br\/wp-content\/uploads\/2019\/05\/Casa-de-Acolhimento-Nova-Vida-135x75.jpeg 135w, https:\/\/www.portalalerta.com.br\/wp-content\/uploads\/2019\/05\/Casa-de-Acolhimento-Nova-Vida.jpeg 720w\" sizes=\"(max-width: 432px) 100vw, 432px\" \/><figcaption id=\"caption-attachment-16689\" class=\"wp-caption-text\">Casa de Acolhimento Nova Vida<\/figcaption><\/figure>\n<p style=\"text-align: justify;\">Outra obra social da COOPERCAR \u00e9 o Criadouro Conservacionista, que recebe animais silvestres que est\u00e3o debilitados para serem tratados e devolvidos a natureza e mant\u00e9m os que n\u00e3o tem condi\u00e7\u00f5es de sobreviver no lugar de origem. Este criadouro pode ser visitado atrav\u00e9s de agendamentos.<\/p>\n<figure id=\"attachment_16690\" aria-describedby=\"caption-attachment-16690\" style=\"width: 432px\" class=\"wp-caption aligncenter\"><img decoding=\"async\" class=\"wp-image-16690 size-thumbnail\" src=\"http:\/\/www.portalalerta.com.br\/wp-content\/uploads\/2019\/05\/Criadouro-Conservacionista-da-COOPERCAR-432x240.jpeg\" alt=\"\" width=\"432\" height=\"240\" srcset=\"https:\/\/www.portalalerta.com.br\/wp-content\/uploads\/2019\/05\/Criadouro-Conservacionista-da-COOPERCAR-432x240.jpeg 432w, https:\/\/www.portalalerta.com.br\/wp-content\/uploads\/2019\/05\/Criadouro-Conservacionista-da-COOPERCAR-260x144.jpeg 260w, https:\/\/www.portalalerta.com.br\/wp-content\/uploads\/2019\/05\/Criadouro-Conservacionista-da-COOPERCAR-50x28.jpeg 50w, https:\/\/www.portalalerta.com.br\/wp-content\/uploads\/2019\/05\/Criadouro-Conservacionista-da-COOPERCAR-135x75.jpeg 135w, https:\/\/www.portalalerta.com.br\/wp-content\/uploads\/2019\/05\/Criadouro-Conservacionista-da-COOPERCAR.jpeg 720w\" sizes=\"(max-width: 432px) 100vw, 432px\" \/><figcaption id=\"caption-attachment-16690\" class=\"wp-caption-text\">Criadouro Conservacionista COOPERCAR<\/figcaption><\/figure>\n<p style=\"text-align: justify;\">J\u00e1 em Ribeira do Pombal-BA, tanto os associados quanto os n\u00e3o s\u00f3cios, podem adquirir o Vale G\u00e1s, que possibilita a compra do g\u00e1s de cozinha num pre\u00e7o mais acess\u00edvel. Para os n\u00e3o s\u00f3cios, o benef\u00edcio \u00e9 concedido apenas para \u00e0queles que comprovam baixa renda familiar.<\/p>\n<p style=\"text-align: justify;\">De acordo com Erasmo, diretor da COORPERCAR, estes benef\u00edcios n\u00e3o se tratam de favor da empresa \u00e0 sociedade, mas sim o cumprimento de uma lei prevista na Constitui\u00e7\u00e3o. <strong>Confira o v\u00eddeo:<\/strong><\/p>\n<div style=\"width: 640px;\" class=\"wp-video\"><!--[if lt IE 9]><script>document.createElement('video');<\/script><![endif]-->\n<video class=\"wp-video-shortcode\" id=\"video-16684-1\" width=\"640\" height=\"480\" preload=\"metadata\" controls=\"controls\"><source type=\"video\/mp4\" src=\"http:\/\/www.portalalerta.com.br\/wp-content\/uploads\/2019\/05\/V\u00eddeo-Coopercar-1.mp4?_=1\" \/><a href=\"http:\/\/www.portalalerta.com.br\/wp-content\/uploads\/2019\/05\/V\u00eddeo-Coopercar-1.mp4\">http:\/\/www.portalalerta.com.br\/wp-content\/uploads\/2019\/05\/V\u00eddeo-Coopercar-1.mp4<\/a><\/video><\/div>\n<p style=\"text-align: justify;\">Por estas raz\u00f5es, \u00e9 importante antes mesmo de se tornar associado, que o consumidor saiba se a entidade cumpre com as leis vigentes no pa\u00eds, tendo em vista que a aplica\u00e7\u00e3o correta de tais valores referentes a isen\u00e7\u00e3o dos impostos, ser\u00e3o aplicados em obras sociais.<\/p>\n<p style=\"text-align: justify;\"><em>Reda\u00e7\u00e3o: Portal Alerta \u00a0\u00a0<\/em><\/p>\n","protected":false},"excerpt":{"rendered":"<p>O que poucos sabem, \u00e9 que Associa\u00e7\u00f5es de Prote\u00e7\u00e3o Veicular s\u00e3o isentas de pagamentos de determinados Impostos, tendo que em contrapartida, investir em a\u00e7\u00e3o social.<\/p>\n","protected":false},"author":2,"featured_media":16686,"comment_status":"open","ping_status":"open","sticky":false,"template":"","format":"standard","meta":{"om_disable_all_campaigns":false,"_monsterinsights_skip_tracking":false,"_monsterinsights_sitenote_active":false,"_monsterinsights_sitenote_note":"","_monsterinsights_sitenote_category":0,"footnotes":""},"categories":[33,70,69,32,3],"tags":[177,1630,47],"class_list":["post-16684","post","type-post","status-publish","format-standard","has-post-thumbnail","hentry","category-bahia","category-destaques","category-noticias2","category-regiao","category-ribeira-do-pombal","tag-alagoinhas","tag-coopercar","tag-ribeira-do-pombal"],"aioseo_notices":[],"_links":{"self":[{"href":"https:\/\/www.portalalerta.com.br\/index.php\/wp-json\/wp\/v2\/posts\/16684","targetHints":{"allow":["GET"]}}],"collection":[{"href":"https:\/\/www.portalalerta.com.br\/index.php\/wp-json\/wp\/v2\/posts"}],"about":[{"href":"https:\/\/www.portalalerta.com.br\/index.php\/wp-json\/wp\/v2\/types\/post"}],"author":[{"embeddable":true,"href":"https:\/\/www.portalalerta.com.br\/index.php\/wp-json\/wp\/v2\/users\/2"}],"replies":[{"embeddable":true,"href":"https:\/\/www.portalalerta.com.br\/index.php\/wp-json\/wp\/v2\/comments?post=16684"}],"version-history":[{"count":0,"href":"https:\/\/www.portalalerta.com.br\/index.php\/wp-json\/wp\/v2\/posts\/16684\/revisions"}],"wp:featuredmedia":[{"embeddable":true,"href":"https:\/\/www.portalalerta.com.br\/index.php\/wp-json\/wp\/v2\/media\/16686"}],"wp:attachment":[{"href":"https:\/\/www.portalalerta.com.br\/index.php\/wp-json\/wp\/v2\/media?parent=16684"}],"wp:term":[{"taxonomy":"category","embeddable":true,"href":"https:\/\/www.portalalerta.com.br\/index.php\/wp-json\/wp\/v2\/categories?post=16684"},{"taxonomy":"post_tag","embeddable":true,"href":"https:\/\/www.portalalerta.com.br\/index.php\/wp-json\/wp\/v2\/tags?post=16684"}],"curies":[{"name":"wp","href":"https:\/\/api.w.org\/{rel}","templated":true}]}}