{"id":16693,"date":"2019-05-03T21:14:10","date_gmt":"2019-05-04T00:14:10","guid":{"rendered":"http:\/\/www.portalalerta.com.br\/?p=16693"},"modified":"2019-05-03T21:14:10","modified_gmt":"2019-05-04T00:14:10","slug":"jovem-e-assassinado-a-tiros-em-ribeira-do-pombal-ba","status":"publish","type":"post","link":"https:\/\/www.portalalerta.com.br\/index.php\/2019\/05\/03\/jovem-e-assassinado-a-tiros-em-ribeira-do-pombal-ba\/","title":{"rendered":"Jovem \u00e9 assassinado \u00e0 tiros, em Ribeira do Pombal-BA"},"content":{"rendered":"<p style=\"text-align: justify;\">No in\u00edcio da tarde de sexta-feira, 03, policiais civis e militares de Ribeira do Pombal-BA, foram informados de mais um homic\u00eddio cometido no munic\u00edpio.<!--more--><\/p>\n<p style=\"text-align: justify;\"><img fetchpriority=\"high\" decoding=\"async\" class=\"size-thumbnail wp-image-4959 alignleft\" src=\"http:\/\/www.portalalerta.com.br\/wp-content\/uploads\/2018\/02\/Auto-Escola-Nobre-1-319x240.jpg\" alt=\"\" width=\"319\" height=\"240\" srcset=\"https:\/\/www.portalalerta.com.br\/wp-content\/uploads\/2018\/02\/Auto-Escola-Nobre-1-319x240.jpg 319w, https:\/\/www.portalalerta.com.br\/wp-content\/uploads\/2018\/02\/Auto-Escola-Nobre-1-194x146.jpg 194w, https:\/\/www.portalalerta.com.br\/wp-content\/uploads\/2018\/02\/Auto-Escola-Nobre-1-50x38.jpg 50w, https:\/\/www.portalalerta.com.br\/wp-content\/uploads\/2018\/02\/Auto-Escola-Nobre-1-100x75.jpg 100w, https:\/\/www.portalalerta.com.br\/wp-content\/uploads\/2018\/02\/Auto-Escola-Nobre-1.jpg 720w\" sizes=\"(max-width: 319px) 100vw, 319px\" \/>Desta vez o caso teria acontecido no povoado Nova Esperan\u00e7a, fato confirmado assim que os policiais chegaram ao local. A v\u00edtima identificada como Anderson Matos dos Santos (Nenem), 25 anos, foi encontrada ca\u00edda ao solo, j\u00e1 sem os sinais vitais, ap\u00f3s ter sido alvejada por disparos de arma de fogo na perna, tronco e cabe\u00e7a.<\/p>\n<p style=\"text-align: justify;\">De acordo com informa\u00e7\u00f5es preliminares, o autor teria sido um indiv\u00edduo de porte franzino, que estava a bordo de um ve\u00edculo Renault Sandero de cor prata, demais dados n\u00e3o divulgados. O criminoso desceu do ve\u00edculo, e se dirigiu at\u00e9 a v\u00edtima, momento em que efetuou os disparos.<\/p>\n<p style=\"text-align: justify;\">Nenem era irm\u00e3o de Alexandre Matos dos Santos (P\u00e1ssaro Preto), assassinado \u00e0 tiros h\u00e1 aproximadamente dois anos, no mesmo povoado. Na \u00e9poca Alexandre era considerado gerente do tr\u00e1fico na regi\u00e3o em quest\u00e3o. <a href=\"http:\/\/www.pombalalerta.com.br\/index2.php\/noticias\/pombal-alerta\/ribeira-do-pombal\/item\/4499-ex-presidi%C3%A1rio-gerente-do-crime-organizado-%C3%A9-assassinado-com-v%C3%A1rios-tiros-em-povoado-de-ribeira-do-pombal.html\"><strong>Relembre<\/strong><\/a><\/p>\n<figure id=\"attachment_16694\" aria-describedby=\"caption-attachment-16694\" style=\"width: 720px\" class=\"wp-caption aligncenter\"><img decoding=\"async\" class=\"wp-image-16694 size-full\" src=\"http:\/\/www.portalalerta.com.br\/wp-content\/uploads\/2019\/05\/homic\u00eddio-em-Ribeira-do-Pombal-2019.5.jpeg\" alt=\"\" width=\"720\" height=\"600\" srcset=\"https:\/\/www.portalalerta.com.br\/wp-content\/uploads\/2019\/05\/homic\u00eddio-em-Ribeira-do-Pombal-2019.5.jpeg 720w, https:\/\/www.portalalerta.com.br\/wp-content\/uploads\/2019\/05\/homic\u00eddio-em-Ribeira-do-Pombal-2019.5-288x240.jpeg 288w, https:\/\/www.portalalerta.com.br\/wp-content\/uploads\/2019\/05\/homic\u00eddio-em-Ribeira-do-Pombal-2019.5-175x146.jpeg 175w, https:\/\/www.portalalerta.com.br\/wp-content\/uploads\/2019\/05\/homic\u00eddio-em-Ribeira-do-Pombal-2019.5-50x42.jpeg 50w, https:\/\/www.portalalerta.com.br\/wp-content\/uploads\/2019\/05\/homic\u00eddio-em-Ribeira-do-Pombal-2019.5-90x75.jpeg 90w\" sizes=\"(max-width: 720px) 100vw, 720px\" \/><figcaption id=\"caption-attachment-16694\" class=\"wp-caption-text\">Nenem foi assassinado \u00e0 tiros, em Povoado de Ribeira do Pombal-BA<\/figcaption><\/figure>\n<p style=\"text-align: justify;\">Com este, sobe para quatro, o n\u00famero de homic\u00eddios em Ribeira do Pombal-BA, apenas em 2019. Foram realizadas buscas pelos suspeitos, por\u00e9m at\u00e9 o momento do fechamento desta mat\u00e9ria ningu\u00e9m tinha sido preso.<\/p>\n<p style=\"text-align: justify;\"><a href=\"http:\/\/www.facebook.com.br\/pombalalerta\"><strong style=\"font-style: inherit;\">Curta nossa p\u00e1gina no facebook, e continue atualizado sobre tudo o que acontece em sua cidade!<\/strong><\/a><\/p>\n<p style=\"text-align: justify;\"><a href=\"https:\/\/play.google.com\/store\/apps\/details?id=com.globalstore.portalalerta\"><strong style=\"font-style: inherit;\">Baixe o NOVO APLICATIVO Portal Alerta, e fique de olho na not\u00edcia<\/strong><\/a><\/p>\n<p style=\"text-align: justify;\"><em style=\"font-weight: inherit;\">Reda\u00e7\u00e3o: Portal Alerta<\/em><\/p>\n<p style=\"text-align: justify;\">\n","protected":false},"excerpt":{"rendered":"<p>No in\u00edcio da tarde de sexta-feira, 03, policiais civis e militares de Ribeira do Pombal-BA, foram informados de mais um homic\u00eddio cometido no munic\u00edpio.<\/p>\n","protected":false},"author":2,"featured_media":8020,"comment_status":"open","ping_status":"open","sticky":false,"template":"","format":"standard","meta":{"om_disable_all_campaigns":false,"_monsterinsights_skip_tracking":false,"_monsterinsights_sitenote_active":false,"_monsterinsights_sitenote_note":"","_monsterinsights_sitenote_category":0,"footnotes":""},"categories":[70,69,32,3,22],"tags":[128,206,169,229,47],"class_list":["post-16693","post","type-post","status-publish","format-standard","has-post-thumbnail","hentry","category-destaques","category-noticias2","category-regiao","category-ribeira-do-pombal","category-seguranca","tag-disparo-de-arma-de-fogo","tag-homicidio","tag-morte","tag-povoado","tag-ribeira-do-pombal"],"aioseo_notices":[],"_links":{"self":[{"href":"https:\/\/www.portalalerta.com.br\/index.php\/wp-json\/wp\/v2\/posts\/16693","targetHints":{"allow":["GET"]}}],"collection":[{"href":"https:\/\/www.portalalerta.com.br\/index.php\/wp-json\/wp\/v2\/posts"}],"about":[{"href":"https:\/\/www.portalalerta.com.br\/index.php\/wp-json\/wp\/v2\/types\/post"}],"author":[{"embeddable":true,"href":"https:\/\/www.portalalerta.com.br\/index.php\/wp-json\/wp\/v2\/users\/2"}],"replies":[{"embeddable":true,"href":"https:\/\/www.portalalerta.com.br\/index.php\/wp-json\/wp\/v2\/comments?post=16693"}],"version-history":[{"count":0,"href":"https:\/\/www.portalalerta.com.br\/index.php\/wp-json\/wp\/v2\/posts\/16693\/revisions"}],"wp:featuredmedia":[{"embeddable":true,"href":"https:\/\/www.portalalerta.com.br\/index.php\/wp-json\/wp\/v2\/media\/8020"}],"wp:attachment":[{"href":"https:\/\/www.portalalerta.com.br\/index.php\/wp-json\/wp\/v2\/media?parent=16693"}],"wp:term":[{"taxonomy":"category","embeddable":true,"href":"https:\/\/www.portalalerta.com.br\/index.php\/wp-json\/wp\/v2\/categories?post=16693"},{"taxonomy":"post_tag","embeddable":true,"href":"https:\/\/www.portalalerta.com.br\/index.php\/wp-json\/wp\/v2\/tags?post=16693"}],"curies":[{"name":"wp","href":"https:\/\/api.w.org\/{rel}","templated":true}]}}