{"id":16741,"date":"2019-05-05T15:02:51","date_gmt":"2019-05-05T18:02:51","guid":{"rendered":"http:\/\/www.portalalerta.com.br\/?p=16741"},"modified":"2019-05-05T15:02:51","modified_gmt":"2019-05-05T18:02:51","slug":"inscricoes-para-o-enem-2019-comecam-nesta-segunda-feira","status":"publish","type":"post","link":"https:\/\/www.portalalerta.com.br\/index.php\/2019\/05\/05\/inscricoes-para-o-enem-2019-comecam-nesta-segunda-feira\/","title":{"rendered":"Inscri\u00e7\u00f5es para o Enem 2019 come\u00e7am nesta segunda-feira"},"content":{"rendered":"<p style=\"text-align: justify;\">As inscri\u00e7\u00f5es para o Exame Nacional do Ensino M\u00e9dio (Enem) 2019 come\u00e7am nessa segunda-feira (6), \u00e0s 10h (no hor\u00e1rio de Bras\u00edlia), e podem ser feitas at\u00e9 o dia 17, exclusivamente pela internet, por meio da P\u00e1gina do Participante. As provas est\u00e3o marcadas para os dias 3 e 10 de novembro (dois domingos consecutivos).<!--more--><\/p>\n<p style=\"text-align: justify;\"><img fetchpriority=\"high\" decoding=\"async\" class=\"alignleft wp-image-16510 size-full\" src=\"http:\/\/www.portalalerta.com.br\/wp-content\/uploads\/2019\/04\/Dia-das-m\u00e3es-Real-Cal\u00e7ados-2019.jpeg\" alt=\"\" width=\"300\" height=\"533\" srcset=\"https:\/\/www.portalalerta.com.br\/wp-content\/uploads\/2019\/04\/Dia-das-m\u00e3es-Real-Cal\u00e7ados-2019.jpeg 300w, https:\/\/www.portalalerta.com.br\/wp-content\/uploads\/2019\/04\/Dia-das-m\u00e3es-Real-Cal\u00e7ados-2019-135x240.jpeg 135w, https:\/\/www.portalalerta.com.br\/wp-content\/uploads\/2019\/04\/Dia-das-m\u00e3es-Real-Cal\u00e7ados-2019-82x146.jpeg 82w, https:\/\/www.portalalerta.com.br\/wp-content\/uploads\/2019\/04\/Dia-das-m\u00e3es-Real-Cal\u00e7ados-2019-28x50.jpeg 28w, https:\/\/www.portalalerta.com.br\/wp-content\/uploads\/2019\/04\/Dia-das-m\u00e3es-Real-Cal\u00e7ados-2019-42x75.jpeg 42w\" sizes=\"(max-width: 300px) 100vw, 300px\" \/>A taxa de inscri\u00e7\u00e3o custa R$ 85 e deve ser paga at\u00e9 o dia 23 de maio, de acordo com o cronograma do exame.<\/p>\n<p style=\"text-align: justify;\">O participante ter\u00e1 at\u00e9 o dia 17 de maio para atualizar dados de contato, escolher outro munic\u00edpio de provas, mudar a op\u00e7\u00e3o de l\u00edngua estrangeira e alterar atendimento especializado e\/ou espec\u00edfico. Depois dessa data, nenhuma informa\u00e7\u00e3o poder\u00e1 ser alterada.<\/p>\n<p style=\"text-align: justify;\">O candidato que precisar de atendimento especializado e espec\u00edfico deve fazer a solicita\u00e7\u00e3o durante a inscri\u00e7\u00e3o. O prazo para pedidos de atendimento por nome social vai de 20 a 24 de maio.<\/p>\n<p style=\"text-align: justify;\">Quem j\u00e1 concluiu o ensino m\u00e9dio ou vai concluir ainda este ano pode utilizar as notas no Enem, por exemplo, em programas de acesso \u00e0 educa\u00e7\u00e3o superior, de bolsas de estudo ou de financiamento estudantil.<\/p>\n<p style=\"text-align: justify;\">A prova tamb\u00e9m pode ser feita pelos chamados treineiros \u2013 estudantes que v\u00e3o concluir o ensino m\u00e9dio depois de 2019. Neste caso, os resultados servem somente para autoavalia\u00e7\u00e3o, sem possibilidade de concorrer efetivamente \u00e0s vagas na educa\u00e7\u00e3o superior ou para bolsas de estudo. Esses participantes devem declarar ter ci\u00eancia disso j\u00e1 no ato da inscri\u00e7\u00e3o.<\/p>\n<p style=\"text-align: justify;\"><strong>Isen\u00e7\u00e3o<\/strong><br \/>\nMesmo quem solicitou a isen\u00e7\u00e3o da taxa precisa se inscrever. Estudantes que entraram com recurso relacionado ao pedido de isen\u00e7\u00e3o j\u00e1 podem verificar o resultado. As informa\u00e7\u00f5es foram divulgadas na quinta-feira (2) no Sistema Enem. \u00c9 necess\u00e1rio fazer login para acessar o resultado.<\/p>\n<p style=\"text-align: justify;\"><em>Fonte: Canabrava FM<\/em><\/p>\n<p style=\"text-align: justify;\"><em>Com informa\u00e7\u00f5es: Correio<\/em><\/p>\n","protected":false},"excerpt":{"rendered":"<p>As inscri\u00e7\u00f5es para o Exame Nacional do Ensino M\u00e9dio (Enem) 2019 come\u00e7am nessa segunda-feira (6), \u00e0s 10h (no hor\u00e1rio de Bras\u00edlia), e podem ser feitas at\u00e9 o dia 17, exclusivamente pela internet, por meio da P\u00e1gina do Participante. As provas est\u00e3o marcadas para os dias 3 e 10 de novembro (dois domingos consecutivos).<\/p>\n","protected":false},"author":2,"featured_media":4029,"comment_status":"open","ping_status":"open","sticky":false,"template":"","format":"standard","meta":{"om_disable_all_campaigns":false,"_monsterinsights_skip_tracking":false,"_monsterinsights_sitenote_active":false,"_monsterinsights_sitenote_note":"","_monsterinsights_sitenote_category":0,"footnotes":""},"categories":[34,70,20,69],"tags":[93,140,220,1437,1436],"class_list":["post-16741","post","type-post","status-publish","format-standard","has-post-thumbnail","hentry","category-brasil","category-destaques","category-educacao","category-noticias2","tag-brasil","tag-educacao","tag-enem","tag-mec","tag-ministerio-da-educacao"],"aioseo_notices":[],"_links":{"self":[{"href":"https:\/\/www.portalalerta.com.br\/index.php\/wp-json\/wp\/v2\/posts\/16741","targetHints":{"allow":["GET"]}}],"collection":[{"href":"https:\/\/www.portalalerta.com.br\/index.php\/wp-json\/wp\/v2\/posts"}],"about":[{"href":"https:\/\/www.portalalerta.com.br\/index.php\/wp-json\/wp\/v2\/types\/post"}],"author":[{"embeddable":true,"href":"https:\/\/www.portalalerta.com.br\/index.php\/wp-json\/wp\/v2\/users\/2"}],"replies":[{"embeddable":true,"href":"https:\/\/www.portalalerta.com.br\/index.php\/wp-json\/wp\/v2\/comments?post=16741"}],"version-history":[{"count":0,"href":"https:\/\/www.portalalerta.com.br\/index.php\/wp-json\/wp\/v2\/posts\/16741\/revisions"}],"wp:featuredmedia":[{"embeddable":true,"href":"https:\/\/www.portalalerta.com.br\/index.php\/wp-json\/wp\/v2\/media\/4029"}],"wp:attachment":[{"href":"https:\/\/www.portalalerta.com.br\/index.php\/wp-json\/wp\/v2\/media?parent=16741"}],"wp:term":[{"taxonomy":"category","embeddable":true,"href":"https:\/\/www.portalalerta.com.br\/index.php\/wp-json\/wp\/v2\/categories?post=16741"},{"taxonomy":"post_tag","embeddable":true,"href":"https:\/\/www.portalalerta.com.br\/index.php\/wp-json\/wp\/v2\/tags?post=16741"}],"curies":[{"name":"wp","href":"https:\/\/api.w.org\/{rel}","templated":true}]}}