{"id":16743,"date":"2019-05-05T15:11:57","date_gmt":"2019-05-05T18:11:57","guid":{"rendered":"http:\/\/www.portalalerta.com.br\/?p=16743"},"modified":"2019-05-05T15:11:57","modified_gmt":"2019-05-05T18:11:57","slug":"segundo-suspeito-de-matar-investigador-em-aguas-claras-e-preso-em-salvador-ba","status":"publish","type":"post","link":"https:\/\/www.portalalerta.com.br\/index.php\/2019\/05\/05\/segundo-suspeito-de-matar-investigador-em-aguas-claras-e-preso-em-salvador-ba\/","title":{"rendered":"Segundo suspeito de matar investigador em \u00c1guas Claras \u00e9 preso, em Salvador-BA"},"content":{"rendered":"<p style=\"text-align: justify;\">Mateus Santos foi encontrado horas depois do crime<!--more--><\/p>\n<p style=\"text-align: justify;\">Mateus Rodrigues Santos da Silva, de 20 anos, segundo suspeito de participar da\u00a0morte do investigador da Pol\u00edcia Civil,\u00a0Pedro Rodrigues do Carmo Filho, foi preso\u00a0no\u00a0s\u00e1bado, 4, na localidade do Boiadeiro, na regi\u00e3o do Sub\u00farbio Ferrovi\u00e1rio de Salvador-BA.<\/p>\n<p style=\"text-align: justify;\"><img fetchpriority=\"high\" decoding=\"async\" class=\"size-full wp-image-2902 alignleft\" src=\"http:\/\/www.portalalerta.com.br\/wp-content\/uploads\/2017\/11\/elab-2.jpg\" alt=\"\" width=\"310\" height=\"200\" srcset=\"https:\/\/www.portalalerta.com.br\/wp-content\/uploads\/2017\/11\/elab-2.jpg 310w, https:\/\/www.portalalerta.com.br\/wp-content\/uploads\/2017\/11\/elab-2-226x146.jpg 226w, https:\/\/www.portalalerta.com.br\/wp-content\/uploads\/2017\/11\/elab-2-50x32.jpg 50w, https:\/\/www.portalalerta.com.br\/wp-content\/uploads\/2017\/11\/elab-2-116x75.jpg 116w\" sizes=\"(max-width: 310px) 100vw, 310px\" \/>Conforme a Secretaria da Seguran\u00e7a P\u00fablica (SSP-BBA), com Mateus\u00a0foram\u00a0encontradas\u00a0a arma usada durante o crime e uma pistola que pertencia ao investigador.<\/p>\n<p style=\"text-align: justify;\"><strong>O caso<\/strong><\/p>\n<p style=\"text-align: justify;\">O policial civil foi morto ap\u00f3s\u00a0ter reagido a uma tentativa de assalto na regi\u00e3o de \u00c1guas Claras, na tarde de s\u00e1bado, 4. Apesar de ter sido socorrido e encaminhado\u00a0para o Hospital do Sub\u00farbio, ele n\u00e3o resistiu aos ferimentos.<\/p>\n<p style=\"text-align: justify;\">No dia\u00a0do crime, um outro suspeito de envolvimento,\u00a0Eliomar Cunha Dias, 22,\u00a0foi atingido pelo investigador e morreu no local. De acordo com a SSP, ele possu\u00eda passagens por tr\u00e1fico de drogas e viol\u00eancia dom\u00e9stica.<\/p>\n<p style=\"text-align: justify;\"><em>Fonte: A Tarde<\/em><\/p>\n","protected":false},"excerpt":{"rendered":"<p>Mateus Santos foi encontrado horas depois do crime<\/p>\n","protected":false},"author":2,"featured_media":16744,"comment_status":"open","ping_status":"open","sticky":false,"template":"","format":"standard","meta":{"om_disable_all_campaigns":false,"_monsterinsights_skip_tracking":false,"_monsterinsights_sitenote_active":false,"_monsterinsights_sitenote_note":"","_monsterinsights_sitenote_category":0,"footnotes":""},"categories":[33,70,69,22],"tags":[564,54,206,169,122,77,330],"class_list":["post-16743","post","type-post","status-publish","format-standard","has-post-thumbnail","hentry","category-bahia","category-destaques","category-noticias2","category-seguranca","tag-assalto-a-onibus","tag-bahia","tag-homicidio","tag-morte","tag-policia-civil","tag-preso","tag-salvador"],"aioseo_notices":[],"_links":{"self":[{"href":"https:\/\/www.portalalerta.com.br\/index.php\/wp-json\/wp\/v2\/posts\/16743","targetHints":{"allow":["GET"]}}],"collection":[{"href":"https:\/\/www.portalalerta.com.br\/index.php\/wp-json\/wp\/v2\/posts"}],"about":[{"href":"https:\/\/www.portalalerta.com.br\/index.php\/wp-json\/wp\/v2\/types\/post"}],"author":[{"embeddable":true,"href":"https:\/\/www.portalalerta.com.br\/index.php\/wp-json\/wp\/v2\/users\/2"}],"replies":[{"embeddable":true,"href":"https:\/\/www.portalalerta.com.br\/index.php\/wp-json\/wp\/v2\/comments?post=16743"}],"version-history":[{"count":0,"href":"https:\/\/www.portalalerta.com.br\/index.php\/wp-json\/wp\/v2\/posts\/16743\/revisions"}],"wp:featuredmedia":[{"embeddable":true,"href":"https:\/\/www.portalalerta.com.br\/index.php\/wp-json\/wp\/v2\/media\/16744"}],"wp:attachment":[{"href":"https:\/\/www.portalalerta.com.br\/index.php\/wp-json\/wp\/v2\/media?parent=16743"}],"wp:term":[{"taxonomy":"category","embeddable":true,"href":"https:\/\/www.portalalerta.com.br\/index.php\/wp-json\/wp\/v2\/categories?post=16743"},{"taxonomy":"post_tag","embeddable":true,"href":"https:\/\/www.portalalerta.com.br\/index.php\/wp-json\/wp\/v2\/tags?post=16743"}],"curies":[{"name":"wp","href":"https:\/\/api.w.org\/{rel}","templated":true}]}}