{"id":16769,"date":"2019-05-06T20:54:04","date_gmt":"2019-05-06T23:54:04","guid":{"rendered":"http:\/\/www.portalalerta.com.br\/?p=16769"},"modified":"2019-05-06T20:54:25","modified_gmt":"2019-05-06T23:54:25","slug":"governo-bolsonaro-bloqueia-r-163-milhoes-da-ufrb-e-r-118-mi-da-ufob","status":"publish","type":"post","link":"https:\/\/www.portalalerta.com.br\/index.php\/2019\/05\/06\/governo-bolsonaro-bloqueia-r-163-milhoes-da-ufrb-e-r-118-mi-da-ufob\/","title":{"rendered":"Governo Bolsonaro bloqueia R$ 16,3 milh\u00f5es da UFRB e R$ 11,8 mi da UFOB"},"content":{"rendered":"<p style=\"text-align: justify;\">O Minist\u00e9rio da Educa\u00e7\u00e3o (MEC) bloqueou 32% do or\u00e7amento da Universidade Federal do Rec\u00f4ncavo da Bahia (UFRB) \u2013 o que equivale R$ 16,3 milh\u00f5es \u2013 e 33,2% da Universidade Federal do Oeste da Bahia (UFOB) \u2013 o que corresponde a R$ 11,8 milh\u00f5es.\u00a0<!--more--><\/p>\n<p style=\"text-align: justify;\">\u00c0 reportagem, o reitor da UFRB, Silvio Soglia, afirmou que n\u00e3o recebeu nenhum comunicado oficial do MEC sobre os cortes. &#8220;O bloqueio destes valores, se n\u00e3o forem revertidos, inviabilizam at\u00e9 o final do ano, o funcionamento de v\u00e1rios servi\u00e7os da universidade, al\u00e9m de impactar diretamente no pagamento das contas de \u00e1gua, luz, telefone, limpeza e vigil\u00e2ncia, por exemplo&#8221;, declarou.<\/p>\n<p style=\"text-align: justify;\"><img fetchpriority=\"high\" decoding=\"async\" class=\"alignleft wp-image-16510 size-full\" src=\"http:\/\/www.portalalerta.com.br\/wp-content\/uploads\/2019\/04\/Dia-das-m\u00e3es-Real-Cal\u00e7ados-2019.jpeg\" alt=\"\" width=\"300\" height=\"533\" srcset=\"https:\/\/www.portalalerta.com.br\/wp-content\/uploads\/2019\/04\/Dia-das-m\u00e3es-Real-Cal\u00e7ados-2019.jpeg 300w, https:\/\/www.portalalerta.com.br\/wp-content\/uploads\/2019\/04\/Dia-das-m\u00e3es-Real-Cal\u00e7ados-2019-135x240.jpeg 135w, https:\/\/www.portalalerta.com.br\/wp-content\/uploads\/2019\/04\/Dia-das-m\u00e3es-Real-Cal\u00e7ados-2019-82x146.jpeg 82w, https:\/\/www.portalalerta.com.br\/wp-content\/uploads\/2019\/04\/Dia-das-m\u00e3es-Real-Cal\u00e7ados-2019-28x50.jpeg 28w, https:\/\/www.portalalerta.com.br\/wp-content\/uploads\/2019\/04\/Dia-das-m\u00e3es-Real-Cal\u00e7ados-2019-42x75.jpeg 42w\" sizes=\"(max-width: 300px) 100vw, 300px\" \/>Em nota publicada no facebook, a UFOB afirmou que o bloqueio trar\u00e1 &#8220;graves consequ\u00eancias&#8221; \u00e0 universidade e, se mantido, inviabilizar\u00e1 o funcionamento da UFOB, a partir da metade do segundo semestre deste ano. Na semana passada, o governo do presidente Jair Bolsonaro j\u00e1 tinha bloqueado 30% do or\u00e7amento da Universidade Federal da Bahia (Ufba) (<a href=\"http:\/\/www.portalalerta.com.br\/index.php\/2019\/05\/01\/ministro-diz-que-universitario-custa-o-mesmo-que-dez-alunos-em-creche\/\">veja aqui<\/a>).<\/p>\n<p style=\"text-align: justify;\">J\u00e1\u00a0a Universidade Federal do Sul da Bahia (UFSB) informou que teve o bloqueio de 38% no or\u00e7amento. \u201cA UFSB \u00e9 uma universidade muito jovem, com menos de 5 anos de funcionamento. Isso faz com que haja necessidade de um aporte grande de investimentos em infraestrutura. No momento, temos 3 obras em andamento nos nossos tr\u00eas campi: Itabuna, Porto Seguro e Teixeira de Freitas. Em raz\u00e3o do corte, h\u00e1 o risco concreto de sermos obrigados a paralisar essas obras, o que implica em enorme preju\u00edzo&#8221;, diz, em nota.<\/p>\n<p style=\"text-align: justify;\"><strong>Nota \u00e0 comunidade sobre bloqueio de recursos or\u00e7ament\u00e1rios da UFOB<\/strong><\/p>\n<p style=\"text-align: justify;\">Nesta semana, a Universidade Federal do Oeste da Bahia (UFOB), assim como as demais institui\u00e7\u00f5es federais de ensino superior do Pa\u00eds, sofreu um bloqueio de 33,2% dos recursos or\u00e7ament\u00e1rios para custeio e investimento. Com isso, o total de recurso contingenciado chega a R$ 11.872.857,00.<\/p>\n<p style=\"text-align: justify;\">A medida, anunciada pelo Minist\u00e9rio da Educa\u00e7\u00e3o (MEC), alcan\u00e7ou as a\u00e7\u00f5es or\u00e7ament\u00e1rias de Implanta\u00e7\u00e3o da UFOB, sendo as mais fortemente afetadas: capacita\u00e7\u00e3o de servidores; fomento \u00e0s atividades de gradua\u00e7\u00e3o, p\u00f3s-gradua\u00e7\u00e3o, ensino, pesquisa e extens\u00e3o; e recursos de investimento utilizados para aquisi\u00e7\u00e3o de livros, equipamentos e realiza\u00e7\u00e3o de obras.<\/p>\n<p style=\"text-align: justify;\">O bloqueio em vig\u00eancia trar\u00e1 graves consequ\u00eancias e, se mantido, inviabilizar\u00e1 o funcionamento da UFOB a partir da metade do segundo semestre deste ano. Os recursos contingenciados s\u00e3o utilizados para pagamento de \u00e1gua, luz, contratos de empresas terceirizadas, respons\u00e1veis por limpeza, vigil\u00e2ncia, manuten\u00e7\u00e3o, dentre outras despesas de servi\u00e7os essenciais ao funcionamento do dia a dia da Institui\u00e7\u00e3o.<\/p>\n<p style=\"text-align: justify;\">Neste momento, as atividades da UFOB n\u00e3o est\u00e3o diretamente comprometidas, por\u00e9m, caso o bloqueio or\u00e7ament\u00e1rio persista, a\u00e7\u00f5es de conting\u00eancia precisar\u00e3o ser tomadas. Manteremos a comunidade informada de forma transparente e tempestiva. A Reitoria da UFOB reafirma seu compromisso na defesa intransigente da recomposi\u00e7\u00e3o de seu or\u00e7amento e informa que agendar\u00e1 reuni\u00e3o com o MEC para tratar do assunto na tentativa de reverter os cortes ocorridos em nossos recursos.<\/p>\n<figure id=\"attachment_16770\" aria-describedby=\"caption-attachment-16770\" style=\"width: 500px\" class=\"wp-caption aligncenter\"><a href=\"https:\/\/www.facebook.com\/hashtag\/pracegover?source=feed_text&amp;epa=HASHTAG&amp;__xts__%5B0%5D=68.ARCsOb0HL3oKCkkY0McSz0tvpYsiJqj0aaG3I8uC1ATqGxEEeY9wEZpiZ3bGOfb8ccP374EW70ybyeYTrv9wyqKcxGNaRNY-UILppCndg7HcQy7MXQm-X6lUcfaTW-ZJ-g_Rc6jgLcmZ0_q57Ac1MQrViSOEBkBePf-bIPkOwSUsiMlSJVCXA4SprCa0z4OXfQhGMqynDfFawYNUA5IpmgyaCMggN0c6SBv3lDOdJ-ajfX2tQwC65KUbZhbrFOMMwan0d6mTgz-q4s3ZLOTox8aI31sZDlvhx4t1BDdgQRlRp5tKQ-RFn0HnLVyue47BDwK_A1YWUA0w7a1zaRc60-HADA&amp;__tn__=%2ANK-R\"><img decoding=\"async\" class=\"wp-image-16770 size-full\" src=\"http:\/\/www.portalalerta.com.br\/wp-content\/uploads\/2019\/05\/UFOB.jpg\" alt=\"\" width=\"500\" height=\"400\" srcset=\"https:\/\/www.portalalerta.com.br\/wp-content\/uploads\/2019\/05\/UFOB.jpg 500w, https:\/\/www.portalalerta.com.br\/wp-content\/uploads\/2019\/05\/UFOB-300x240.jpg 300w, https:\/\/www.portalalerta.com.br\/wp-content\/uploads\/2019\/05\/UFOB-183x146.jpg 183w, https:\/\/www.portalalerta.com.br\/wp-content\/uploads\/2019\/05\/UFOB-50x40.jpg 50w, https:\/\/www.portalalerta.com.br\/wp-content\/uploads\/2019\/05\/UFOB-94x75.jpg 94w\" sizes=\"(max-width: 500px) 100vw, 500px\" \/><\/a><figcaption id=\"caption-attachment-16770\" class=\"wp-caption-text\">#PraCegoVer: ilustra\u00e7\u00e3o em fundo verde, com bras\u00e3o da UFOB e texto \u201cNota \u00e0 comunidade sobre bloqueio or\u00e7ament\u00e1rio\u201d.<\/figcaption><\/figure>\n<p style=\"text-align: justify;\"><em>Fonte: Bahia Not\u00edcias<\/em><\/p>\n","protected":false},"excerpt":{"rendered":"<p>O Minist\u00e9rio da Educa\u00e7\u00e3o (MEC) bloqueou 32% do or\u00e7amento da Universidade Federal do Rec\u00f4ncavo da Bahia (UFRB) \u2013 o que equivale R$ 16,3 milh\u00f5es \u2013 e 33,2% da Universidade Federal do Oeste da Bahia (UFOB) \u2013 o que corresponde a R$ 11,8 milh\u00f5es.\u00a0<\/p>\n","protected":false},"author":2,"featured_media":16771,"comment_status":"open","ping_status":"open","sticky":false,"template":"","format":"standard","meta":{"om_disable_all_campaigns":false,"_monsterinsights_skip_tracking":false,"_monsterinsights_sitenote_active":false,"_monsterinsights_sitenote_note":"","_monsterinsights_sitenote_category":0,"footnotes":""},"categories":[33,34,70,20,69,21],"tags":[54,93,2635,1437,1436,2678,2679],"class_list":["post-16769","post","type-post","status-publish","format-standard","has-post-thumbnail","hentry","category-bahia","category-brasil","category-destaques","category-educacao","category-noticias2","category-politica","tag-bahia","tag-brasil","tag-cortes-de-verbas","tag-mec","tag-ministerio-da-educacao","tag-ofob","tag-ufrb"],"aioseo_notices":[],"_links":{"self":[{"href":"https:\/\/www.portalalerta.com.br\/index.php\/wp-json\/wp\/v2\/posts\/16769","targetHints":{"allow":["GET"]}}],"collection":[{"href":"https:\/\/www.portalalerta.com.br\/index.php\/wp-json\/wp\/v2\/posts"}],"about":[{"href":"https:\/\/www.portalalerta.com.br\/index.php\/wp-json\/wp\/v2\/types\/post"}],"author":[{"embeddable":true,"href":"https:\/\/www.portalalerta.com.br\/index.php\/wp-json\/wp\/v2\/users\/2"}],"replies":[{"embeddable":true,"href":"https:\/\/www.portalalerta.com.br\/index.php\/wp-json\/wp\/v2\/comments?post=16769"}],"version-history":[{"count":0,"href":"https:\/\/www.portalalerta.com.br\/index.php\/wp-json\/wp\/v2\/posts\/16769\/revisions"}],"wp:featuredmedia":[{"embeddable":true,"href":"https:\/\/www.portalalerta.com.br\/index.php\/wp-json\/wp\/v2\/media\/16771"}],"wp:attachment":[{"href":"https:\/\/www.portalalerta.com.br\/index.php\/wp-json\/wp\/v2\/media?parent=16769"}],"wp:term":[{"taxonomy":"category","embeddable":true,"href":"https:\/\/www.portalalerta.com.br\/index.php\/wp-json\/wp\/v2\/categories?post=16769"},{"taxonomy":"post_tag","embeddable":true,"href":"https:\/\/www.portalalerta.com.br\/index.php\/wp-json\/wp\/v2\/tags?post=16769"}],"curies":[{"name":"wp","href":"https:\/\/api.w.org\/{rel}","templated":true}]}}