{"id":17022,"date":"2019-05-14T22:33:31","date_gmt":"2019-05-15T01:33:31","guid":{"rendered":"http:\/\/www.portalalerta.com.br\/?p=17022"},"modified":"2019-05-14T22:34:00","modified_gmt":"2019-05-15T01:34:00","slug":"stj-decide-por-unanimidade-soltar-temer-e-coronel-lima","status":"publish","type":"post","link":"https:\/\/www.portalalerta.com.br\/index.php\/2019\/05\/14\/stj-decide-por-unanimidade-soltar-temer-e-coronel-lima\/","title":{"rendered":"STJ decide por unanimidade soltar Temer e Coronel Lima"},"content":{"rendered":"<p style=\"text-align: justify;\">Por 4 votos a zero, 6\u00aa Turma concedeu liminar sobre o habeas corpus do ex-presidente<!--more--><\/p>\n<p style=\"text-align: justify;\">A 6\u00aa Turma do Superior Tribunal de Justi\u00e7a (STJ) decidiu por unanimidade, na tarde desta ter\u00e7a-feira (14), aceitar o pedido de liminar no habeas corpus que soltar\u00e1 o ex-presidente Michel Temer e seu amigo, o coronel Jo\u00e3o Baptista Lima Filho.<\/p>\n<p style=\"text-align: justify;\">O relator do caso, Antonio Saldanha Palheiro, votou pela aceita\u00e7\u00e3o do pedido de liberdade e a ministra Laurita Vaz seguiu o voto do magistrado, formando maioria a favor da soltura do ex-presidente. O ministro Rog\u00e9rio Schietti e o presidente da turma, N\u00e9fi Cordeiro, acompanharam os dois, encerrando o julgamento em 4 a 0 a favor de Temer e o coronel Lima.<\/p>\n<p style=\"text-align: justify;\"><img fetchpriority=\"high\" decoding=\"async\" class=\"size-thumbnail wp-image-4869 aligncenter\" src=\"http:\/\/www.portalalerta.com.br\/wp-content\/uploads\/2018\/02\/Auto-Escola-Nobre-720x181.jpg\" alt=\"\" width=\"720\" height=\"181\" srcset=\"https:\/\/www.portalalerta.com.br\/wp-content\/uploads\/2018\/02\/Auto-Escola-Nobre.jpg 720w, https:\/\/www.portalalerta.com.br\/wp-content\/uploads\/2018\/02\/Auto-Escola-Nobre-260x65.jpg 260w, https:\/\/www.portalalerta.com.br\/wp-content\/uploads\/2018\/02\/Auto-Escola-Nobre-50x13.jpg 50w, https:\/\/www.portalalerta.com.br\/wp-content\/uploads\/2018\/02\/Auto-Escola-Nobre-150x38.jpg 150w\" sizes=\"(max-width: 720px) 100vw, 720px\" \/>Citando entendimento do Supremo Tribunal Federal (STF), Saldanha votou a favor do pedido de liberdade de Temer no STJ diz que \u201cfatos antigos n\u00e3o autorizam pris\u00e3o preventiva, sob pena de esvaziamento da presun\u00e7\u00e3o de inoc\u00eancia&#8221;.<\/p>\n<p style=\"text-align: justify;\">A ministra Laurita Vaz, por sua vez, afirmou que n\u00e3o via necessidade de uma &#8220;ca\u00e7a \u00e0s bruxas&#8221; no caso do ex-presidente.<\/p>\n<p style=\"text-align: justify;\">\u2014 N\u00e3o h\u00e1 outro caminho, o Brasil precisa ser passado a limpo. Entretanto, esta luta n\u00e3o pode virar ca\u00e7a \u00e0s bruxas. Responder em liberdade \u00e9 a regra, a exce\u00e7\u00e3o \u00e9 a pris\u00e3o preventiva \u2014 afirmou a ministra.<\/p>\n<p style=\"text-align: justify;\">Saldanha, entretanto, estabeleceu medidas cautelares para aceitar o habeas corpus. As medidas s\u00e3o: bloqueio de valores, proibi\u00e7\u00e3o de trocar de endere\u00e7o e deixar o pa\u00eds sem autoriza\u00e7\u00e3o judicial, entrega do passaporte e proibi\u00e7\u00e3o de contato com pessoas investigadas no mesmo caso.<\/p>\n<p style=\"text-align: justify;\">Ao entender que n\u00e3o havia justificativa para a manuten\u00e7\u00e3o da pris\u00e3o preventiva, o presidente da 6\u00aa turma do STJ, Nefi Cordeiro, disse que os r\u00e9us devem responder em liberdade a acusa\u00e7\u00f5es, respeitando a presun\u00e7\u00e3o de inoc\u00eancia.<\/p>\n<p style=\"text-align: justify;\">\u2014 N\u00e3o se pode prender, durante o processo, como resposta a desejos sociais de justi\u00e7a instant\u00e2nea \u2014 argumentou.<\/p>\n<p style=\"text-align: justify;\">Em resposta a poss\u00edveis cr\u00edticas sobre a decis\u00e3o, Cordeiro afirmou durante seu voto que a \u201cJusti\u00e7a se d\u00e1 por igual a todos\u201d, e que n\u00e3o muda por \u201crepercuss\u00e3o na m\u00eddia, pelo r\u00e9u ser rico ou pobre\u201d.<\/p>\n<p style=\"text-align: justify;\">No dia 8 de mar\u00e7o, a 1\u00aa Turma do Tribunal Regional Federal da 2\u00aa Regi\u00e3o (TRF2) decidiu por revogar o habeas corpus de Michel Temer e Coronel Lima. Ambos foram detidos novamente no dia 9.<\/p>\n<p style=\"text-align: justify;\"><em>Fonte: Portal Euclidense<\/em><\/p>\n","protected":false},"excerpt":{"rendered":"<p>Por 4 votos a zero, 6\u00aa Turma concedeu liminar sobre o habeas corpus do ex-presidente<\/p>\n","protected":false},"author":2,"featured_media":16964,"comment_status":"open","ping_status":"open","sticky":false,"template":"","format":"standard","meta":{"om_disable_all_campaigns":false,"_monsterinsights_skip_tracking":false,"_monsterinsights_sitenote_active":false,"_monsterinsights_sitenote_note":"","_monsterinsights_sitenote_category":0,"footnotes":""},"categories":[34,70,69,21],"tags":[93,718,218,95,505],"class_list":["post-17022","post","type-post","status-publish","format-standard","has-post-thumbnail","hentry","category-brasil","category-destaques","category-noticias2","category-politica","tag-brasil","tag-habeas-corpus","tag-liberdade","tag-michel-temer","tag-stj"],"aioseo_notices":[],"_links":{"self":[{"href":"https:\/\/www.portalalerta.com.br\/index.php\/wp-json\/wp\/v2\/posts\/17022","targetHints":{"allow":["GET"]}}],"collection":[{"href":"https:\/\/www.portalalerta.com.br\/index.php\/wp-json\/wp\/v2\/posts"}],"about":[{"href":"https:\/\/www.portalalerta.com.br\/index.php\/wp-json\/wp\/v2\/types\/post"}],"author":[{"embeddable":true,"href":"https:\/\/www.portalalerta.com.br\/index.php\/wp-json\/wp\/v2\/users\/2"}],"replies":[{"embeddable":true,"href":"https:\/\/www.portalalerta.com.br\/index.php\/wp-json\/wp\/v2\/comments?post=17022"}],"version-history":[{"count":0,"href":"https:\/\/www.portalalerta.com.br\/index.php\/wp-json\/wp\/v2\/posts\/17022\/revisions"}],"wp:featuredmedia":[{"embeddable":true,"href":"https:\/\/www.portalalerta.com.br\/index.php\/wp-json\/wp\/v2\/media\/16964"}],"wp:attachment":[{"href":"https:\/\/www.portalalerta.com.br\/index.php\/wp-json\/wp\/v2\/media?parent=17022"}],"wp:term":[{"taxonomy":"category","embeddable":true,"href":"https:\/\/www.portalalerta.com.br\/index.php\/wp-json\/wp\/v2\/categories?post=17022"},{"taxonomy":"post_tag","embeddable":true,"href":"https:\/\/www.portalalerta.com.br\/index.php\/wp-json\/wp\/v2\/tags?post=17022"}],"curies":[{"name":"wp","href":"https:\/\/api.w.org\/{rel}","templated":true}]}}