{"id":17024,"date":"2019-05-14T22:35:46","date_gmt":"2019-05-15T01:35:46","guid":{"rendered":"http:\/\/www.portalalerta.com.br\/?p=17024"},"modified":"2019-05-14T22:35:46","modified_gmt":"2019-05-15T01:35:46","slug":"prf-apreende-motocicletas-e-documentos-irregulares-durante-acao-do-maio-amarelo-em-jeremoabo-ba","status":"publish","type":"post","link":"https:\/\/www.portalalerta.com.br\/index.php\/2019\/05\/14\/prf-apreende-motocicletas-e-documentos-irregulares-durante-acao-do-maio-amarelo-em-jeremoabo-ba\/","title":{"rendered":"PRF apreende motocicletas e documentos irregulares durante a\u00e7\u00e3o do Maio Amarelo em Jeremoabo- BA"},"content":{"rendered":"<p style=\"text-align: justify;\">A Campanha Maio Amarelo objetiva promover a conscientiza\u00e7\u00e3o da sociedade para o alto \u00edndice de mortes e feridos no tr\u00e2nsito em todo o mundo.<!--more--><\/p>\n<p style=\"text-align: justify;\"><img fetchpriority=\"high\" decoding=\"async\" class=\"size-full wp-image-2867 aligncenter\" src=\"http:\/\/www.portalalerta.com.br\/wp-content\/uploads\/2017\/11\/protege-1.jpg\" alt=\"\" width=\"600\" height=\"140\" \/>A Pol\u00edcia Rodovi\u00e1ria Federal apreendeu no domingo\u00a0(12), 15 motocicletas em situa\u00e7\u00e3o irregular, foram\u00a0lavrados 86 autos de infra\u00e7\u00e3o e al\u00e9m de recolhidos 04 documentos. A intensifica\u00e7\u00e3o das abordagens e fiscaliza\u00e7\u00f5es ocorreram durante a\u00e7\u00f5es do Maio Amarelo, que objetivam sensibilizar os usu\u00e1rios das rodovias federais sobre a import\u00e2ncia da ado\u00e7\u00e3o de condutas no tr\u00e2nsito a fim de torn\u00e1-lo mais\u00a0seguro.<\/p>\n<p style=\"text-align: justify;\">A PRF \u00e9 institui\u00e7\u00e3o parceira da campanha e as a\u00e7\u00f5es no m\u00eas de maio visam o desenvolvimento de trabalhos\u00a0educativos e preventivos a fim de\u00a0alcan\u00e7ar uma\u00a0redu\u00e7\u00e3o de acidentes graves nas rodovias federais do Brasil.<\/p>\n<p style=\"text-align: justify;\"><em>Fonte: Gazeta do Mel<\/em><\/p>\n<p style=\"text-align: justify;\"><em>Com informa\u00e7\u00f5es: Chico Sabe Tudo<\/em><\/p>\n","protected":false},"excerpt":{"rendered":"<p>A Campanha Maio Amarelo objetiva promover a conscientiza\u00e7\u00e3o da sociedade para o alto \u00edndice de mortes e feridos no tr\u00e2nsito em todo o mundo.<\/p>\n","protected":false},"author":2,"featured_media":17025,"comment_status":"open","ping_status":"open","sticky":false,"template":"","format":"standard","meta":{"om_disable_all_campaigns":false,"_monsterinsights_skip_tracking":false,"_monsterinsights_sitenote_active":false,"_monsterinsights_sitenote_note":"","_monsterinsights_sitenote_category":0,"footnotes":""},"categories":[70,9,69,32,22],"tags":[143,230,2740,149,2739],"class_list":["post-17024","post","type-post","status-publish","format-standard","has-post-thumbnail","hentry","category-destaques","category-jeremoabo","category-noticias2","category-regiao","category-seguranca","tag-apreensao","tag-jeremoabo","tag-maio-amarelo","tag-prf","tag-veiculos-apreendidos"],"aioseo_notices":[],"_links":{"self":[{"href":"https:\/\/www.portalalerta.com.br\/index.php\/wp-json\/wp\/v2\/posts\/17024","targetHints":{"allow":["GET"]}}],"collection":[{"href":"https:\/\/www.portalalerta.com.br\/index.php\/wp-json\/wp\/v2\/posts"}],"about":[{"href":"https:\/\/www.portalalerta.com.br\/index.php\/wp-json\/wp\/v2\/types\/post"}],"author":[{"embeddable":true,"href":"https:\/\/www.portalalerta.com.br\/index.php\/wp-json\/wp\/v2\/users\/2"}],"replies":[{"embeddable":true,"href":"https:\/\/www.portalalerta.com.br\/index.php\/wp-json\/wp\/v2\/comments?post=17024"}],"version-history":[{"count":0,"href":"https:\/\/www.portalalerta.com.br\/index.php\/wp-json\/wp\/v2\/posts\/17024\/revisions"}],"wp:featuredmedia":[{"embeddable":true,"href":"https:\/\/www.portalalerta.com.br\/index.php\/wp-json\/wp\/v2\/media\/17025"}],"wp:attachment":[{"href":"https:\/\/www.portalalerta.com.br\/index.php\/wp-json\/wp\/v2\/media?parent=17024"}],"wp:term":[{"taxonomy":"category","embeddable":true,"href":"https:\/\/www.portalalerta.com.br\/index.php\/wp-json\/wp\/v2\/categories?post=17024"},{"taxonomy":"post_tag","embeddable":true,"href":"https:\/\/www.portalalerta.com.br\/index.php\/wp-json\/wp\/v2\/tags?post=17024"}],"curies":[{"name":"wp","href":"https:\/\/api.w.org\/{rel}","templated":true}]}}