{"id":17028,"date":"2019-05-14T22:39:49","date_gmt":"2019-05-15T01:39:49","guid":{"rendered":"http:\/\/www.portalalerta.com.br\/?p=17028"},"modified":"2019-05-14T22:39:49","modified_gmt":"2019-05-15T01:39:49","slug":"irma-dulce-sera-proclamada-santa-apos-ter-segundo-milagre-reconhecido-pelo-vaticano","status":"publish","type":"post","link":"https:\/\/www.portalalerta.com.br\/index.php\/2019\/05\/14\/irma-dulce-sera-proclamada-santa-apos-ter-segundo-milagre-reconhecido-pelo-vaticano\/","title":{"rendered":"Irm\u00e3 Dulce ser\u00e1 proclamada santa ap\u00f3s ter segundo milagre reconhecido pelo Vaticano"},"content":{"rendered":"<p style=\"text-align: justify;\">Irm\u00e3 Dulce j\u00e1 havia sido beatificada em 22 de maio de 2011<!--more--><\/p>\n<p style=\"text-align: justify;\">O site \u201cVatican News\u201d, canal oficial de comunica\u00e7\u00e3o do Vaticano, informou, na manh\u00e3 desta ter\u00e7a-feira (14), que Irm\u00e3 Dulce ser\u00e1 proclamada Santa, depois de ter o segundo milagre reconhecido.<\/p>\n<p style=\"text-align: justify;\">Segundo a publica\u00e7\u00e3o, o Papa Francisco autorizou a promulga\u00e7\u00e3o do decreto nesta segunda-feira (13).<\/p>\n<p style=\"text-align: justify;\"><img fetchpriority=\"high\" decoding=\"async\" class=\"size-thumbnail wp-image-15254 aligncenter\" src=\"http:\/\/www.portalalerta.com.br\/wp-content\/uploads\/2019\/03\/Real-Estilo-e-Voc\u00ea-633x240.jpeg\" alt=\"\" width=\"633\" height=\"240\" srcset=\"https:\/\/www.portalalerta.com.br\/wp-content\/uploads\/2019\/03\/Real-Estilo-e-Voc\u00ea-633x240.jpeg 633w, https:\/\/www.portalalerta.com.br\/wp-content\/uploads\/2019\/03\/Real-Estilo-e-Voc\u00ea-260x99.jpeg 260w, https:\/\/www.portalalerta.com.br\/wp-content\/uploads\/2019\/03\/Real-Estilo-e-Voc\u00ea-50x19.jpeg 50w, https:\/\/www.portalalerta.com.br\/wp-content\/uploads\/2019\/03\/Real-Estilo-e-Voc\u00ea-150x57.jpeg 150w, https:\/\/www.portalalerta.com.br\/wp-content\/uploads\/2019\/03\/Real-Estilo-e-Voc\u00ea.jpeg 720w\" sizes=\"(max-width: 633px) 100vw, 633px\" \/>Irm\u00e3 Dulce foi beatificada em 22 de maio de 2011, ap\u00f3s tr\u00eas gra\u00e7as alcan\u00e7adas por devotos serem enviadas para an\u00e1lise do Vaticano pelas Obras Sociais Irm\u00e3 Dulce (OSID).<\/p>\n<p style=\"text-align: justify;\">O primeiro milagre foi em uma moradora da cidade de Malhador, no interior de Sergipe, que teve uma forte hemorragia ap\u00f3s o parto e se recuperou sem interven\u00e7\u00e3o m\u00e9dica.<\/p>\n<p style=\"text-align: justify;\">O segundo milagre ainda n\u00e3o foi revelado.<\/p>\n<p style=\"text-align: justify;\"><em>Fonte: Gazeta do Mel<\/em><\/p>\n<p style=\"text-align: justify;\"><em>Com informa\u00e7\u00f5es: Varela Not\u00edcias<\/em><\/p>\n","protected":false},"excerpt":{"rendered":"<p>Irm\u00e3 Dulce j\u00e1 havia sido beatificada em 22 de maio de 2011<\/p>\n","protected":false},"author":2,"featured_media":17029,"comment_status":"open","ping_status":"open","sticky":false,"template":"","format":"standard","meta":{"om_disable_all_campaigns":false,"_monsterinsights_skip_tracking":false,"_monsterinsights_sitenote_active":false,"_monsterinsights_sitenote_note":"","_monsterinsights_sitenote_category":0,"footnotes":""},"categories":[33,70,35,69],"tags":[54,1009,2742,2743,2741],"class_list":["post-17028","post","type-post","status-publish","format-standard","has-post-thumbnail","hentry","category-bahia","category-destaques","category-mundo","category-noticias2","tag-bahia","tag-igreja-catolica","tag-irma-dulce","tag-santa","tag-vaticano"],"aioseo_notices":[],"_links":{"self":[{"href":"https:\/\/www.portalalerta.com.br\/index.php\/wp-json\/wp\/v2\/posts\/17028","targetHints":{"allow":["GET"]}}],"collection":[{"href":"https:\/\/www.portalalerta.com.br\/index.php\/wp-json\/wp\/v2\/posts"}],"about":[{"href":"https:\/\/www.portalalerta.com.br\/index.php\/wp-json\/wp\/v2\/types\/post"}],"author":[{"embeddable":true,"href":"https:\/\/www.portalalerta.com.br\/index.php\/wp-json\/wp\/v2\/users\/2"}],"replies":[{"embeddable":true,"href":"https:\/\/www.portalalerta.com.br\/index.php\/wp-json\/wp\/v2\/comments?post=17028"}],"version-history":[{"count":0,"href":"https:\/\/www.portalalerta.com.br\/index.php\/wp-json\/wp\/v2\/posts\/17028\/revisions"}],"wp:featuredmedia":[{"embeddable":true,"href":"https:\/\/www.portalalerta.com.br\/index.php\/wp-json\/wp\/v2\/media\/17029"}],"wp:attachment":[{"href":"https:\/\/www.portalalerta.com.br\/index.php\/wp-json\/wp\/v2\/media?parent=17028"}],"wp:term":[{"taxonomy":"category","embeddable":true,"href":"https:\/\/www.portalalerta.com.br\/index.php\/wp-json\/wp\/v2\/categories?post=17028"},{"taxonomy":"post_tag","embeddable":true,"href":"https:\/\/www.portalalerta.com.br\/index.php\/wp-json\/wp\/v2\/tags?post=17028"}],"curies":[{"name":"wp","href":"https:\/\/api.w.org\/{rel}","templated":true}]}}