{"id":17031,"date":"2019-05-14T22:42:02","date_gmt":"2019-05-15T01:42:02","guid":{"rendered":"http:\/\/www.portalalerta.com.br\/?p=17031"},"modified":"2019-05-14T22:42:02","modified_gmt":"2019-05-15T01:42:02","slug":"terceira-turma-de-agentes-da-guarda-municipal-participa-de-treinamento-em-ribeira-do-pombal-ba","status":"publish","type":"post","link":"https:\/\/www.portalalerta.com.br\/index.php\/2019\/05\/14\/terceira-turma-de-agentes-da-guarda-municipal-participa-de-treinamento-em-ribeira-do-pombal-ba\/","title":{"rendered":"Terceira Turma de Agentes da Guarda Municipal Participa de Treinamento, em Ribeira do Pombal-BA"},"content":{"rendered":"<p style=\"text-align: justify;\">Os novos agentes da Guarda Municipal, integrantes da terceira turma convocada desde o \u00faltimo concurso p\u00fablico, est\u00e3o em fase de forma\u00e7\u00e3o para em breve assumirem seus postos e iniciar os trabalhos que devem ser voltados prioritariamente para o tr\u00e2nsito, uma vez que o mesmo j\u00e1 \u00e9 municipalizado e encontra-se em processo de reorganiza\u00e7\u00e3o.<!--more--><\/p>\n<p style=\"text-align: justify;\"><img fetchpriority=\"high\" decoding=\"async\" class=\"size-full wp-image-2902 alignleft\" src=\"http:\/\/www.portalalerta.com.br\/wp-content\/uploads\/2017\/11\/elab-2.jpg\" alt=\"\" width=\"310\" height=\"200\" srcset=\"https:\/\/www.portalalerta.com.br\/wp-content\/uploads\/2017\/11\/elab-2.jpg 310w, https:\/\/www.portalalerta.com.br\/wp-content\/uploads\/2017\/11\/elab-2-226x146.jpg 226w, https:\/\/www.portalalerta.com.br\/wp-content\/uploads\/2017\/11\/elab-2-50x32.jpg 50w, https:\/\/www.portalalerta.com.br\/wp-content\/uploads\/2017\/11\/elab-2-116x75.jpg 116w\" sizes=\"(max-width: 310px) 100vw, 310px\" \/>O grupo de recrutas passa agora por etapas de sua capacita\u00e7\u00e3o, como a que ocorreu no \u00faltimo dia 13 quando foram vistos em treinamento f\u00edsico pelas ruas da cidade tendo acabado de chegar de uma corrida de 24 km. A Guarda Municipal \u00e9 um dos orgulhos dos pombalenses e uma das principais conquistas da atual administra\u00e7\u00e3o que ap\u00f3s assumir esse compromisso com a popula\u00e7\u00e3o e o cumpriu logo no in\u00edcio do primeiro mandado.<\/p>\n<p>&nbsp;<\/p>\n<p><img decoding=\"async\" class=\"aligncenter wp-image-17034 size-full\" src=\"http:\/\/www.portalalerta.com.br\/wp-content\/uploads\/2019\/05\/Curso-GCM-Ribeira-do-Pombal-2019.1.jpg\" alt=\"\" width=\"550\" height=\"300\" srcset=\"https:\/\/www.portalalerta.com.br\/wp-content\/uploads\/2019\/05\/Curso-GCM-Ribeira-do-Pombal-2019.1.jpg 550w, https:\/\/www.portalalerta.com.br\/wp-content\/uploads\/2019\/05\/Curso-GCM-Ribeira-do-Pombal-2019.1-440x240.jpg 440w, https:\/\/www.portalalerta.com.br\/wp-content\/uploads\/2019\/05\/Curso-GCM-Ribeira-do-Pombal-2019.1-260x142.jpg 260w, https:\/\/www.portalalerta.com.br\/wp-content\/uploads\/2019\/05\/Curso-GCM-Ribeira-do-Pombal-2019.1-50x27.jpg 50w, https:\/\/www.portalalerta.com.br\/wp-content\/uploads\/2019\/05\/Curso-GCM-Ribeira-do-Pombal-2019.1-138x75.jpg 138w\" sizes=\"(max-width: 550px) 100vw, 550px\" \/><\/p>\n<p style=\"text-align: justify;\"><em>Fonte: SECOM\/ Ribeira do Pombal <\/em><\/p>\n","protected":false},"excerpt":{"rendered":"<p>Os novos agentes da Guarda Municipal, integrantes da terceira turma convocada desde o \u00faltimo concurso p\u00fablico, est\u00e3o em fase de forma\u00e7\u00e3o para em breve assumirem seus postos e iniciar os trabalhos que devem ser voltados prioritariamente para o tr\u00e2nsito, uma vez que o mesmo j\u00e1 \u00e9 municipalizado e encontra-se em processo de reorganiza\u00e7\u00e3o.<\/p>\n","protected":false},"author":2,"featured_media":17036,"comment_status":"open","ping_status":"open","sticky":false,"template":"","format":"standard","meta":{"om_disable_all_campaigns":false,"_monsterinsights_skip_tracking":false,"_monsterinsights_sitenote_active":false,"_monsterinsights_sitenote_note":"","_monsterinsights_sitenote_category":0,"footnotes":""},"categories":[70,69,32,3,22],"tags":[937,313,47],"class_list":["post-17031","post","type-post","status-publish","format-standard","has-post-thumbnail","hentry","category-destaques","category-noticias2","category-regiao","category-ribeira-do-pombal","category-seguranca","tag-curso-de-formacao","tag-gcm","tag-ribeira-do-pombal"],"aioseo_notices":[],"_links":{"self":[{"href":"https:\/\/www.portalalerta.com.br\/index.php\/wp-json\/wp\/v2\/posts\/17031","targetHints":{"allow":["GET"]}}],"collection":[{"href":"https:\/\/www.portalalerta.com.br\/index.php\/wp-json\/wp\/v2\/posts"}],"about":[{"href":"https:\/\/www.portalalerta.com.br\/index.php\/wp-json\/wp\/v2\/types\/post"}],"author":[{"embeddable":true,"href":"https:\/\/www.portalalerta.com.br\/index.php\/wp-json\/wp\/v2\/users\/2"}],"replies":[{"embeddable":true,"href":"https:\/\/www.portalalerta.com.br\/index.php\/wp-json\/wp\/v2\/comments?post=17031"}],"version-history":[{"count":0,"href":"https:\/\/www.portalalerta.com.br\/index.php\/wp-json\/wp\/v2\/posts\/17031\/revisions"}],"wp:featuredmedia":[{"embeddable":true,"href":"https:\/\/www.portalalerta.com.br\/index.php\/wp-json\/wp\/v2\/media\/17036"}],"wp:attachment":[{"href":"https:\/\/www.portalalerta.com.br\/index.php\/wp-json\/wp\/v2\/media?parent=17031"}],"wp:term":[{"taxonomy":"category","embeddable":true,"href":"https:\/\/www.portalalerta.com.br\/index.php\/wp-json\/wp\/v2\/categories?post=17031"},{"taxonomy":"post_tag","embeddable":true,"href":"https:\/\/www.portalalerta.com.br\/index.php\/wp-json\/wp\/v2\/tags?post=17031"}],"curies":[{"name":"wp","href":"https:\/\/api.w.org\/{rel}","templated":true}]}}