{"id":17040,"date":"2019-05-15T11:08:12","date_gmt":"2019-05-15T14:08:12","guid":{"rendered":"http:\/\/www.portalalerta.com.br\/?p=17040"},"modified":"2019-05-15T11:08:12","modified_gmt":"2019-05-15T14:08:12","slug":"jovem-e-vitima-de-homicidio-na-zona-rural-de-araci-ba","status":"publish","type":"post","link":"https:\/\/www.portalalerta.com.br\/index.php\/2019\/05\/15\/jovem-e-vitima-de-homicidio-na-zona-rural-de-araci-ba\/","title":{"rendered":"Jovem \u00e9 v\u00edtima de homic\u00eddio na zona rural de Araci-BA"},"content":{"rendered":"<p style=\"text-align: justify;\">Na manh\u00e3 da \u00faltima quarta-feira (08), Otaciano Matos Lima, vulgo \u201cBolinha\u201d\u201d, 25 anos, foi v\u00edtima de disparos de arma de fogo no povoado Sem Freio, na zona rural de Araci-BA.<!--more--><\/p>\n<p style=\"text-align: justify;\"><img fetchpriority=\"high\" decoding=\"async\" class=\"size-thumbnail wp-image-4869 aligncenter\" src=\"http:\/\/www.portalalerta.com.br\/wp-content\/uploads\/2018\/02\/Auto-Escola-Nobre-720x181.jpg\" alt=\"\" width=\"720\" height=\"181\" srcset=\"https:\/\/www.portalalerta.com.br\/wp-content\/uploads\/2018\/02\/Auto-Escola-Nobre.jpg 720w, https:\/\/www.portalalerta.com.br\/wp-content\/uploads\/2018\/02\/Auto-Escola-Nobre-260x65.jpg 260w, https:\/\/www.portalalerta.com.br\/wp-content\/uploads\/2018\/02\/Auto-Escola-Nobre-50x13.jpg 50w, https:\/\/www.portalalerta.com.br\/wp-content\/uploads\/2018\/02\/Auto-Escola-Nobre-150x38.jpg 150w\" sizes=\"(max-width: 720px) 100vw, 720px\" \/>Policiais Militares da cidade estiveram no local, de onde acionaram o Departamento de Pol\u00edcia T\u00e9cnica (DPT), uma vez que a v\u00edtima j\u00e1 se encontrava sem os sinais vitais. Segundo os policiais, suspeita-se que os autores do crime sejam os mesmos que, \u00faltimo domingo (05), foram de rostos descobertos e efetuaram v\u00e1rios disparos na comunidade. Uma pessoa foi socorrida para Hospital de Tucano neste caso anterior e n\u00e3o corre risco de morte.<\/p>\n<figure id=\"attachment_17041\" aria-describedby=\"caption-attachment-17041\" style=\"width: 300px\" class=\"wp-caption aligncenter\"><img decoding=\"async\" class=\"wp-image-17041 size-full\" src=\"http:\/\/www.portalalerta.com.br\/wp-content\/uploads\/2019\/05\/homic\u00eddio-em-Araci-2019.7.jpg\" alt=\"\" width=\"300\" height=\"300\" srcset=\"https:\/\/www.portalalerta.com.br\/wp-content\/uploads\/2019\/05\/homic\u00eddio-em-Araci-2019.7.jpg 300w, https:\/\/www.portalalerta.com.br\/wp-content\/uploads\/2019\/05\/homic\u00eddio-em-Araci-2019.7-240x240.jpg 240w, https:\/\/www.portalalerta.com.br\/wp-content\/uploads\/2019\/05\/homic\u00eddio-em-Araci-2019.7-146x146.jpg 146w, https:\/\/www.portalalerta.com.br\/wp-content\/uploads\/2019\/05\/homic\u00eddio-em-Araci-2019.7-50x50.jpg 50w, https:\/\/www.portalalerta.com.br\/wp-content\/uploads\/2019\/05\/homic\u00eddio-em-Araci-2019.7-75x75.jpg 75w, https:\/\/www.portalalerta.com.br\/wp-content\/uploads\/2019\/05\/homic\u00eddio-em-Araci-2019.7-85x85.jpg 85w, https:\/\/www.portalalerta.com.br\/wp-content\/uploads\/2019\/05\/homic\u00eddio-em-Araci-2019.7-80x80.jpg 80w\" sizes=\"(max-width: 300px) 100vw, 300px\" \/><figcaption id=\"caption-attachment-17041\" class=\"wp-caption-text\">&#8220;Bolinha&#8221; foi assassinado a tiros<\/figcaption><\/figure>\n<p style=\"text-align: justify;\">Os militares fizeram buscas pelos criminosos, por\u00e9m sem \u00eaxito. N\u00e3o h\u00e1 informa\u00e7\u00f5es sobre a motiva\u00e7\u00e3o do crime.<\/p>\n<p style=\"text-align: justify;\"><em>Fonte: A Voz do Campo<\/em><\/p>\n","protected":false},"excerpt":{"rendered":"<p>Na manh\u00e3 da \u00faltima quarta-feira (08), Otaciano Matos Lima, vulgo \u201cBolinha\u201d\u201d, 25 anos, foi v\u00edtima de disparos de arma de fogo no povoado Sem Freio, na zona rural de Araci-BA.<\/p>\n","protected":false},"author":2,"featured_media":13265,"comment_status":"open","ping_status":"open","sticky":false,"template":"","format":"standard","meta":{"om_disable_all_campaigns":false,"_monsterinsights_skip_tracking":false,"_monsterinsights_sitenote_active":false,"_monsterinsights_sitenote_note":"","_monsterinsights_sitenote_category":0,"footnotes":""},"categories":[41,70,69,32,22],"tags":[48,375,206,229],"class_list":["post-17040","post","type-post","status-publish","format-standard","has-post-thumbnail","hentry","category-araci","category-destaques","category-noticias2","category-regiao","category-seguranca","tag-araci","tag-disparos-de-arma-de-fogo","tag-homicidio","tag-povoado"],"aioseo_notices":[],"_links":{"self":[{"href":"https:\/\/www.portalalerta.com.br\/index.php\/wp-json\/wp\/v2\/posts\/17040","targetHints":{"allow":["GET"]}}],"collection":[{"href":"https:\/\/www.portalalerta.com.br\/index.php\/wp-json\/wp\/v2\/posts"}],"about":[{"href":"https:\/\/www.portalalerta.com.br\/index.php\/wp-json\/wp\/v2\/types\/post"}],"author":[{"embeddable":true,"href":"https:\/\/www.portalalerta.com.br\/index.php\/wp-json\/wp\/v2\/users\/2"}],"replies":[{"embeddable":true,"href":"https:\/\/www.portalalerta.com.br\/index.php\/wp-json\/wp\/v2\/comments?post=17040"}],"version-history":[{"count":0,"href":"https:\/\/www.portalalerta.com.br\/index.php\/wp-json\/wp\/v2\/posts\/17040\/revisions"}],"wp:featuredmedia":[{"embeddable":true,"href":"https:\/\/www.portalalerta.com.br\/index.php\/wp-json\/wp\/v2\/media\/13265"}],"wp:attachment":[{"href":"https:\/\/www.portalalerta.com.br\/index.php\/wp-json\/wp\/v2\/media?parent=17040"}],"wp:term":[{"taxonomy":"category","embeddable":true,"href":"https:\/\/www.portalalerta.com.br\/index.php\/wp-json\/wp\/v2\/categories?post=17040"},{"taxonomy":"post_tag","embeddable":true,"href":"https:\/\/www.portalalerta.com.br\/index.php\/wp-json\/wp\/v2\/tags?post=17040"}],"curies":[{"name":"wp","href":"https:\/\/api.w.org\/{rel}","templated":true}]}}