{"id":17045,"date":"2019-05-15T11:10:01","date_gmt":"2019-05-15T14:10:01","guid":{"rendered":"http:\/\/www.portalalerta.com.br\/?p=17045"},"modified":"2019-05-15T11:10:01","modified_gmt":"2019-05-15T14:10:01","slug":"povoado-em-tucano-ba-vai-realizar-vi-feira-de-artesanato-de-couro","status":"publish","type":"post","link":"https:\/\/www.portalalerta.com.br\/index.php\/2019\/05\/15\/povoado-em-tucano-ba-vai-realizar-vi-feira-de-artesanato-de-couro\/","title":{"rendered":"Povoado em Tucano-BA vai realizar VI Feira de Artesanato de Couro"},"content":{"rendered":"<p style=\"text-align: justify;\">Entre 21 e 23 de junho, o povoado de Tracup\u00e1, no munic\u00edpio de Tucano, no nordeste da Bahia, realizar\u00e1 a VI Feira de Artesanato de Couro de Tracup\u00e1. Com apoio do Governo do Estado, por meio da Superintend\u00eancia de Desenvolvimento Industrial e Comercial (Sudic), o evento \u00e9 uma iniciativa da Cooperativa dos Produtos de Artefato de Couro da Comunidade de Tracup\u00e1 (Coopact). A programa\u00e7\u00e3o ser\u00e1 composta por exposi\u00e7\u00e3o, interc\u00e2mbio e venda de produtos oriundos de empreendimentos solid\u00e1rios<!--more--><\/p>\n<p style=\"text-align: justify;\">A maioria dos moradores do povoado trabalha h\u00e1 muito tempo com a produ\u00e7\u00e3o artesanal e profissional em couro. Da\u00ed, surgiu a iniciativa de criar a Coopact, que hoje possui 22 fam\u00edlias associadas, produzindo itens como bolsas, carteiras, chap\u00e9us, cintos e sand\u00e1lias. A cooperativa tamb\u00e9m tem um autom\u00f3vel para a distribui\u00e7\u00e3o do material a todas as regi\u00f5es do Brasil.<\/p>\n<p style=\"text-align: justify;\">Para o diretor da Coopact, S\u00e9rgio Evangelista, o processo de cooperativismo no interior do Nordeste ainda est\u00e1 em um momento de evolu\u00e7\u00e3o e de constru\u00e7\u00e3o. \u201cA cooperativa \u00e9 como S\u00e3o Tom\u00e9. O pessoal quer ver o sucesso para poder crer\u201d, destaca.<\/p>\n<p style=\"text-align: justify;\"><img fetchpriority=\"high\" decoding=\"async\" class=\"size-thumbnail wp-image-15254 aligncenter\" src=\"http:\/\/www.portalalerta.com.br\/wp-content\/uploads\/2019\/03\/Real-Estilo-e-Voc\u00ea-633x240.jpeg\" alt=\"\" width=\"633\" height=\"240\" srcset=\"https:\/\/www.portalalerta.com.br\/wp-content\/uploads\/2019\/03\/Real-Estilo-e-Voc\u00ea-633x240.jpeg 633w, https:\/\/www.portalalerta.com.br\/wp-content\/uploads\/2019\/03\/Real-Estilo-e-Voc\u00ea-260x99.jpeg 260w, https:\/\/www.portalalerta.com.br\/wp-content\/uploads\/2019\/03\/Real-Estilo-e-Voc\u00ea-50x19.jpeg 50w, https:\/\/www.portalalerta.com.br\/wp-content\/uploads\/2019\/03\/Real-Estilo-e-Voc\u00ea-150x57.jpeg 150w, https:\/\/www.portalalerta.com.br\/wp-content\/uploads\/2019\/03\/Real-Estilo-e-Voc\u00ea.jpeg 720w\" sizes=\"(max-width: 633px) 100vw, 633px\" \/>Al\u00e9m da Coopact, hoje h\u00e1 em Tracup\u00e1 lojas de marcas de renome nacional, que est\u00e3o investindo na produ\u00e7\u00e3o dos produtos feitos por m\u00e3o de obra local. Em qualquer rua, \u00e9 notada a presen\u00e7a empresarial, atra\u00edda pela qualidade dos produtos feitos pelos moradores do povoado.<\/p>\n<p style=\"text-align: justify;\">\u201cA maior parte daqueles que nasceram e se criaram em Tracup\u00e1 trabalha com o couro. Daqui, n\u00f3s exportamos para o Rio de janeiro, S\u00e3o Paulo, Paran\u00e1 e muitos outros lugares do Brasil. Aqui, a maioria das casas tem sempre algu\u00e9m fazendo artesanato de couro\u201d, afirma Gerson Reis de Souza, conhecido como Gersinho, que trabalha com artesanato em couro desde crian\u00e7a.<\/p>\n<p style=\"text-align: justify;\"><img decoding=\"async\" class=\"aligncenter wp-image-17046 size-full\" src=\"http:\/\/www.portalalerta.com.br\/wp-content\/uploads\/2019\/05\/Tracup\u00e12019.1.jpeg\" alt=\"\" width=\"720\" height=\"350\" srcset=\"https:\/\/www.portalalerta.com.br\/wp-content\/uploads\/2019\/05\/Tracup\u00e12019.1.jpeg 720w, https:\/\/www.portalalerta.com.br\/wp-content\/uploads\/2019\/05\/Tracup\u00e12019.1-494x240.jpeg 494w, https:\/\/www.portalalerta.com.br\/wp-content\/uploads\/2019\/05\/Tracup\u00e12019.1-260x126.jpeg 260w, https:\/\/www.portalalerta.com.br\/wp-content\/uploads\/2019\/05\/Tracup\u00e12019.1-50x24.jpeg 50w, https:\/\/www.portalalerta.com.br\/wp-content\/uploads\/2019\/05\/Tracup\u00e12019.1-150x73.jpeg 150w\" sizes=\"(max-width: 720px) 100vw, 720px\" \/>Localizado \u00e0s margens da BR 116, Tracup\u00e1 j\u00e1 foi conhecido como a \u201ccidade das antenas parab\u00f3licas\u201d. O apelido surgiu porque ao passar pela estrada, que fica acima do n\u00edvel da cidade, era comum ver que todas as casas do povoado possu\u00edam uma antena do tipo. A Coopact Couro fica logo na entrada da localidade e \u00e9 um exemplo de associativismo na regi\u00e3o do sisal.<\/p>\n<p style=\"text-align: justify;\"><em>Por Regina Ferreira, SECOM\/ Bahia<\/em><\/p>\n","protected":false},"excerpt":{"rendered":"<p>Entre 21 e 23 de junho, o povoado de Tracup\u00e1, no munic\u00edpio de Tucano, no nordeste da Bahia, realizar\u00e1 a VI Feira de Artesanato de Couro de Tracup\u00e1. Com apoio do Governo do Estado, por meio da Superintend\u00eancia de Desenvolvimento Industrial e Comercial (Sudic), o evento \u00e9 uma iniciativa da Cooperativa dos Produtos de Artefato &hellip;<\/p>\n","protected":false},"author":2,"featured_media":17047,"comment_status":"open","ping_status":"open","sticky":false,"template":"","format":"standard","meta":{"om_disable_all_campaigns":false,"_monsterinsights_skip_tracking":false,"_monsterinsights_sitenote_active":false,"_monsterinsights_sitenote_note":"","_monsterinsights_sitenote_category":0,"footnotes":""},"categories":[70,69,32,12],"tags":[2745,2747,2746,190],"class_list":["post-17045","post","type-post","status-publish","format-standard","has-post-thumbnail","hentry","category-destaques","category-noticias2","category-regiao","category-tucano","tag-artesanato","tag-feira-de-artesanato","tag-tracupa","tag-tucano"],"aioseo_notices":[],"_links":{"self":[{"href":"https:\/\/www.portalalerta.com.br\/index.php\/wp-json\/wp\/v2\/posts\/17045","targetHints":{"allow":["GET"]}}],"collection":[{"href":"https:\/\/www.portalalerta.com.br\/index.php\/wp-json\/wp\/v2\/posts"}],"about":[{"href":"https:\/\/www.portalalerta.com.br\/index.php\/wp-json\/wp\/v2\/types\/post"}],"author":[{"embeddable":true,"href":"https:\/\/www.portalalerta.com.br\/index.php\/wp-json\/wp\/v2\/users\/2"}],"replies":[{"embeddable":true,"href":"https:\/\/www.portalalerta.com.br\/index.php\/wp-json\/wp\/v2\/comments?post=17045"}],"version-history":[{"count":0,"href":"https:\/\/www.portalalerta.com.br\/index.php\/wp-json\/wp\/v2\/posts\/17045\/revisions"}],"wp:featuredmedia":[{"embeddable":true,"href":"https:\/\/www.portalalerta.com.br\/index.php\/wp-json\/wp\/v2\/media\/17047"}],"wp:attachment":[{"href":"https:\/\/www.portalalerta.com.br\/index.php\/wp-json\/wp\/v2\/media?parent=17045"}],"wp:term":[{"taxonomy":"category","embeddable":true,"href":"https:\/\/www.portalalerta.com.br\/index.php\/wp-json\/wp\/v2\/categories?post=17045"},{"taxonomy":"post_tag","embeddable":true,"href":"https:\/\/www.portalalerta.com.br\/index.php\/wp-json\/wp\/v2\/tags?post=17045"}],"curies":[{"name":"wp","href":"https:\/\/api.w.org\/{rel}","templated":true}]}}