{"id":17049,"date":"2019-05-15T11:11:01","date_gmt":"2019-05-15T14:11:01","guid":{"rendered":"http:\/\/www.portalalerta.com.br\/?p=17049"},"modified":"2019-05-15T11:11:01","modified_gmt":"2019-05-15T14:11:01","slug":"jovem-de-22-anos-mata-a-mae-a-facadas-em-paulo-afonso-ba","status":"publish","type":"post","link":"https:\/\/www.portalalerta.com.br\/index.php\/2019\/05\/15\/jovem-de-22-anos-mata-a-mae-a-facadas-em-paulo-afonso-ba\/","title":{"rendered":"Jovem de 22 anos mata a m\u00e3e a facadas em Paulo Afonso-BA"},"content":{"rendered":"<p style=\"text-align: justify;\">Crime foi registrado como feminic\u00eddio. Autor foi preso em flagrante pela PM<!--more--><\/p>\n<p style=\"text-align: justify;\"><img fetchpriority=\"high\" decoding=\"async\" class=\"size-full wp-image-2902 alignleft\" src=\"http:\/\/www.portalalerta.com.br\/wp-content\/uploads\/2017\/11\/elab-2.jpg\" alt=\"\" width=\"310\" height=\"200\" srcset=\"https:\/\/www.portalalerta.com.br\/wp-content\/uploads\/2017\/11\/elab-2.jpg 310w, https:\/\/www.portalalerta.com.br\/wp-content\/uploads\/2017\/11\/elab-2-226x146.jpg 226w, https:\/\/www.portalalerta.com.br\/wp-content\/uploads\/2017\/11\/elab-2-50x32.jpg 50w, https:\/\/www.portalalerta.com.br\/wp-content\/uploads\/2017\/11\/elab-2-116x75.jpg 116w\" sizes=\"(max-width: 310px) 100vw, 310px\" \/>O jovem Rafael Patr\u00edcio Neves Barbosa, de 22 anos foi preso em flagrante ap\u00f3s matar a m\u00e3e de 45 anos com golpes de faca na tarde desta ter\u00e7a-feira (14), em Paulo Afonso-BA. Segundo a Pol\u00edcia Militar, o crime aconteceu no bairro Barroca, onde eles moravam.<\/p>\n<p style=\"text-align: justify;\">Ainda de acordo com a PM, o ataque ocorreu por volta das 13:00. A v\u00edtima identificada como Jane Neves foi atingida com v\u00e1rios golpes de faca. Ela n\u00e3o resistiu aos ferimentos e morreu em sua resid\u00eancia.<\/p>\n<p style=\"text-align: justify;\">Uma guarni\u00e7\u00e3o da PM isolou o local do crime at\u00e9 a chegada do DPT (Departamento de Pol\u00edcia T\u00e9cnica) de Paulo Afonso que conduziu o corpo para o IML.<\/p>\n<figure id=\"attachment_17050\" aria-describedby=\"caption-attachment-17050\" style=\"width: 500px\" class=\"wp-caption aligncenter\"><img decoding=\"async\" class=\"wp-image-17050 size-full\" src=\"http:\/\/www.portalalerta.com.br\/wp-content\/uploads\/2019\/05\/homic\u00eddio-em-Paulo-Afonso-2019.jpg\" alt=\"\" width=\"500\" height=\"350\" srcset=\"https:\/\/www.portalalerta.com.br\/wp-content\/uploads\/2019\/05\/homic\u00eddio-em-Paulo-Afonso-2019.jpg 500w, https:\/\/www.portalalerta.com.br\/wp-content\/uploads\/2019\/05\/homic\u00eddio-em-Paulo-Afonso-2019-343x240.jpg 343w, https:\/\/www.portalalerta.com.br\/wp-content\/uploads\/2019\/05\/homic\u00eddio-em-Paulo-Afonso-2019-209x146.jpg 209w, https:\/\/www.portalalerta.com.br\/wp-content\/uploads\/2019\/05\/homic\u00eddio-em-Paulo-Afonso-2019-50x35.jpg 50w, https:\/\/www.portalalerta.com.br\/wp-content\/uploads\/2019\/05\/homic\u00eddio-em-Paulo-Afonso-2019-107x75.jpg 107w\" sizes=\"(max-width: 500px) 100vw, 500px\" \/><figcaption id=\"caption-attachment-17050\" class=\"wp-caption-text\">Jane foi assassinada \u00e0 facadas, desferidas pelo pr\u00f3prio filho<\/figcaption><\/figure>\n<p style=\"text-align: justify;\">O jovem foi preso em flagrante e encaminhado para a DEAM em Paulo Afonso. O crime foi registrado como feminic\u00eddio.<\/p>\n<p style=\"text-align: justify;\"><em>Fonte: Chico Sabe Tudo<\/em><\/p>\n","protected":false},"excerpt":{"rendered":"<p>Crime foi registrado como feminic\u00eddio. Autor foi preso em flagrante pela PM<\/p>\n","protected":false},"author":2,"featured_media":17051,"comment_status":"open","ping_status":"open","sticky":false,"template":"","format":"standard","meta":{"om_disable_all_campaigns":false,"_monsterinsights_skip_tracking":false,"_monsterinsights_sitenote_active":false,"_monsterinsights_sitenote_note":"","_monsterinsights_sitenote_category":0,"footnotes":""},"categories":[33,70,69,22],"tags":[54,492,222,206,118,77],"class_list":["post-17049","post","type-post","status-publish","format-standard","has-post-thumbnail","hentry","category-bahia","category-destaques","category-noticias2","category-seguranca","tag-bahia","tag-facada","tag-feminicidio","tag-homicidio","tag-paulo-afonso","tag-preso"],"aioseo_notices":[],"_links":{"self":[{"href":"https:\/\/www.portalalerta.com.br\/index.php\/wp-json\/wp\/v2\/posts\/17049","targetHints":{"allow":["GET"]}}],"collection":[{"href":"https:\/\/www.portalalerta.com.br\/index.php\/wp-json\/wp\/v2\/posts"}],"about":[{"href":"https:\/\/www.portalalerta.com.br\/index.php\/wp-json\/wp\/v2\/types\/post"}],"author":[{"embeddable":true,"href":"https:\/\/www.portalalerta.com.br\/index.php\/wp-json\/wp\/v2\/users\/2"}],"replies":[{"embeddable":true,"href":"https:\/\/www.portalalerta.com.br\/index.php\/wp-json\/wp\/v2\/comments?post=17049"}],"version-history":[{"count":0,"href":"https:\/\/www.portalalerta.com.br\/index.php\/wp-json\/wp\/v2\/posts\/17049\/revisions"}],"wp:featuredmedia":[{"embeddable":true,"href":"https:\/\/www.portalalerta.com.br\/index.php\/wp-json\/wp\/v2\/media\/17051"}],"wp:attachment":[{"href":"https:\/\/www.portalalerta.com.br\/index.php\/wp-json\/wp\/v2\/media?parent=17049"}],"wp:term":[{"taxonomy":"category","embeddable":true,"href":"https:\/\/www.portalalerta.com.br\/index.php\/wp-json\/wp\/v2\/categories?post=17049"},{"taxonomy":"post_tag","embeddable":true,"href":"https:\/\/www.portalalerta.com.br\/index.php\/wp-json\/wp\/v2\/tags?post=17049"}],"curies":[{"name":"wp","href":"https:\/\/api.w.org\/{rel}","templated":true}]}}