{"id":17112,"date":"2019-05-17T17:39:57","date_gmt":"2019-05-17T20:39:57","guid":{"rendered":"http:\/\/www.portalalerta.com.br\/?p=17112"},"modified":"2019-05-17T17:39:57","modified_gmt":"2019-05-17T20:39:57","slug":"primeiras-atracoes-da-festa-do-bom-conselho-em-cicero-dantas-sao-divulgadas","status":"publish","type":"post","link":"https:\/\/www.portalalerta.com.br\/index.php\/2019\/05\/17\/primeiras-atracoes-da-festa-do-bom-conselho-em-cicero-dantas-sao-divulgadas\/","title":{"rendered":"Primeiras atra\u00e7\u00f5es da Festa do Bom Conselho, em C\u00edcero Dantas, s\u00e3o divulgadas"},"content":{"rendered":"<p style=\"text-align: justify;\">Munic\u00edpio vai arcar com o valor de R$ 210 mil, pelas tr\u00eas primeiras atra\u00e7\u00f5es divulgadas, segundo Di\u00e1rio Oficial<!--more--><\/p>\n<p style=\"text-align: justify;\">Na \u00faltima ter\u00e7a-feira (14), foram divulgados no Di\u00e1rio Oficial do Munic\u00edpio (DOM) de C\u00edcero Dantas (BA) os extratos de contratos relativos a algumas das atra\u00e7\u00f5es musicais que se apresentar\u00e3o na cidade, na Alvorada da tradicional Festa do Bom Conselho e tamb\u00e9m durantes os festejos da mesma, que acontecer\u00e3o, respectivamente, nos dias 10, 17 e 18 de agosto.<\/p>\n<p style=\"text-align: justify;\"><img fetchpriority=\"high\" decoding=\"async\" class=\"size-thumbnail wp-image-4869 aligncenter\" src=\"http:\/\/www.portalalerta.com.br\/wp-content\/uploads\/2018\/02\/Auto-Escola-Nobre-720x181.jpg\" alt=\"\" width=\"720\" height=\"181\" srcset=\"https:\/\/www.portalalerta.com.br\/wp-content\/uploads\/2018\/02\/Auto-Escola-Nobre.jpg 720w, https:\/\/www.portalalerta.com.br\/wp-content\/uploads\/2018\/02\/Auto-Escola-Nobre-260x65.jpg 260w, https:\/\/www.portalalerta.com.br\/wp-content\/uploads\/2018\/02\/Auto-Escola-Nobre-50x13.jpg 50w, https:\/\/www.portalalerta.com.br\/wp-content\/uploads\/2018\/02\/Auto-Escola-Nobre-150x38.jpg 150w\" sizes=\"(max-width: 720px) 100vw, 720px\" \/>De acordo com as informa\u00e7\u00f5es veiculadas no DOM foram contratados at\u00e9 o momento: a banda Samyra Show, que far\u00e1 a abertura do evento no dia 10 de agosto, em trio el\u00e9trico; Tayrone, que se apresentar\u00e1 no dia 17 na Pra\u00e7a de Eventos; e o cantor Devinho Novaes, que realizar\u00e1 o show na cidade, no dia 18.<\/p>\n<p style=\"text-align: justify;\">Para a contrata\u00e7\u00e3o das tr\u00eas atra\u00e7\u00f5es, a Prefeitura de C\u00edcero Dantas arcou com R$ 210 mil, com o apoio do Fundo Municipal de Educa\u00e7\u00e3o, cujos recursos est\u00e3o inseridos no or\u00e7amento da Secretaria Municipal de Educa\u00e7\u00e3o, Cultura, Esporte e Lazer (SEMEC).<\/p>\n<p style=\"text-align: justify;\">A realiza\u00e7\u00e3o das contrata\u00e7\u00f5es se deu com a inexibilidade de licita\u00e7\u00e3o, ap\u00f3s parecer favor\u00e1vel da Procuradoria Jur\u00eddica do munic\u00edpio, j\u00e1 que a Lei das Licita\u00e7\u00e3o (8.666) permite a n\u00e3o-exig\u00eancia do processo licitat\u00f3rio, nos casos de contrata\u00e7\u00e3o de artistas.<\/p>\n<p style=\"text-align: justify;\"><em>Fonte: Sert\u00e3o em Pauta<\/em><\/p>\n","protected":false},"excerpt":{"rendered":"<p>Munic\u00edpio vai arcar com o valor de R$ 210 mil, pelas tr\u00eas primeiras atra\u00e7\u00f5es divulgadas, segundo Di\u00e1rio Oficial<\/p>\n","protected":false},"author":2,"featured_media":13490,"comment_status":"open","ping_status":"open","sticky":false,"template":"","format":"standard","meta":{"om_disable_all_campaigns":false,"_monsterinsights_skip_tracking":false,"_monsterinsights_sitenote_active":false,"_monsterinsights_sitenote_note":"","_monsterinsights_sitenote_category":0,"footnotes":""},"categories":[4,70,36,69,32],"tags":[1065,75,344,2758],"class_list":["post-17112","post","type-post","status-publish","format-standard","has-post-thumbnail","hentry","category-cicero-dantas","category-destaques","category-lazer","category-noticias2","category-regiao","tag-atracoes","tag-cicero-dantas","tag-festa","tag-festa-do-bom-conselho"],"aioseo_notices":[],"_links":{"self":[{"href":"https:\/\/www.portalalerta.com.br\/index.php\/wp-json\/wp\/v2\/posts\/17112","targetHints":{"allow":["GET"]}}],"collection":[{"href":"https:\/\/www.portalalerta.com.br\/index.php\/wp-json\/wp\/v2\/posts"}],"about":[{"href":"https:\/\/www.portalalerta.com.br\/index.php\/wp-json\/wp\/v2\/types\/post"}],"author":[{"embeddable":true,"href":"https:\/\/www.portalalerta.com.br\/index.php\/wp-json\/wp\/v2\/users\/2"}],"replies":[{"embeddable":true,"href":"https:\/\/www.portalalerta.com.br\/index.php\/wp-json\/wp\/v2\/comments?post=17112"}],"version-history":[{"count":0,"href":"https:\/\/www.portalalerta.com.br\/index.php\/wp-json\/wp\/v2\/posts\/17112\/revisions"}],"wp:featuredmedia":[{"embeddable":true,"href":"https:\/\/www.portalalerta.com.br\/index.php\/wp-json\/wp\/v2\/media\/13490"}],"wp:attachment":[{"href":"https:\/\/www.portalalerta.com.br\/index.php\/wp-json\/wp\/v2\/media?parent=17112"}],"wp:term":[{"taxonomy":"category","embeddable":true,"href":"https:\/\/www.portalalerta.com.br\/index.php\/wp-json\/wp\/v2\/categories?post=17112"},{"taxonomy":"post_tag","embeddable":true,"href":"https:\/\/www.portalalerta.com.br\/index.php\/wp-json\/wp\/v2\/tags?post=17112"}],"curies":[{"name":"wp","href":"https:\/\/api.w.org\/{rel}","templated":true}]}}