{"id":17162,"date":"2019-05-20T00:25:23","date_gmt":"2019-05-20T03:25:23","guid":{"rendered":"http:\/\/www.portalalerta.com.br\/?p=17162"},"modified":"2019-05-20T00:25:23","modified_gmt":"2019-05-20T03:25:23","slug":"governo-promove-mais-de-22-mil-professores-da-carreira-do-magisterio-publico-estadual","status":"publish","type":"post","link":"https:\/\/www.portalalerta.com.br\/index.php\/2019\/05\/20\/governo-promove-mais-de-22-mil-professores-da-carreira-do-magisterio-publico-estadual\/","title":{"rendered":"Governo promove mais de 22 mil professores da carreira do magist\u00e9rio p\u00fablico estadual"},"content":{"rendered":"<p style=\"text-align: justify;\">Como forma de valorizar a carreira do magist\u00e9rio p\u00fablico estadual, o Governo do Estado, por meio da Secretaria da Educa\u00e7\u00e3o, publicou neste s\u00e1bado (18), no Di\u00e1rio Oficial (D.O), a progress\u00e3o nos graus da carreira de 22.763 educadores da rede estadual de ensino. Com o mesmo objetivo tamb\u00e9m foi publicada, no Di\u00e1rio Oficial, a mudan\u00e7a de padr\u00e3o por conclus\u00e3o de cursos de p\u00f3s-gradua\u00e7\u00e3o (especializa\u00e7\u00e3o, mestrado e doutorado) de 754 educadores, sendo 731 professores e de 23 coordenadores pedag\u00f3gicos.<!--more--><\/p>\n<p style=\"text-align: justify;\"><img fetchpriority=\"high\" decoding=\"async\" class=\"size-full wp-image-2902 alignleft\" src=\"http:\/\/www.portalalerta.com.br\/wp-content\/uploads\/2017\/11\/elab-2.jpg\" alt=\"\" width=\"310\" height=\"200\" srcset=\"https:\/\/www.portalalerta.com.br\/wp-content\/uploads\/2017\/11\/elab-2.jpg 310w, https:\/\/www.portalalerta.com.br\/wp-content\/uploads\/2017\/11\/elab-2-226x146.jpg 226w, https:\/\/www.portalalerta.com.br\/wp-content\/uploads\/2017\/11\/elab-2-50x32.jpg 50w, https:\/\/www.portalalerta.com.br\/wp-content\/uploads\/2017\/11\/elab-2-116x75.jpg 116w\" sizes=\"(max-width: 310px) 100vw, 310px\" \/>Ao todo, de 2015 a 2019, j\u00e1 foram concedidos pelo Estado mais de 100 mil benef\u00edcios, como gratifica\u00e7\u00e3o de est\u00edmulo ao aperfei\u00e7oamento profissional, promo\u00e7\u00e3o nos graus e progress\u00e3o funcional por avan\u00e7o vertical na carreira do magist\u00e9rio p\u00fablico estadual dos Ensino Fundamental e M\u00e9dio.<\/p>\n<p style=\"text-align: justify;\">A progress\u00e3o da carreira contempla os 22.763 professores e coordenadores pedag\u00f3gicos que conclu\u00edram o curso on-line \u201cUso Pedag\u00f3gico de Tecnologias Educacionais\u201d, ofertado na modalidade \u00e0 dist\u00e2ncia no ambiente virtual da Universidade Federal da Bahia (UFBA). Com a promo\u00e7\u00e3o no grau da carreira do magist\u00e9rio, os educadores tiveram um ganho real de 14% no vencimento b\u00e1sico, divididos entre os anos de 2018 e 2019, sendo que 6% da promo\u00e7\u00e3o foram antecipados pela inscri\u00e7\u00e3o do modulo II, em setembro de 2018. O investimento total do Estado com a medida gira em torno de R$ 348 milh\u00f5es.<\/p>\n<p style=\"text-align: justify;\"><strong>Sobre o curso\u00a0<\/strong><\/p>\n<p style=\"text-align: justify;\">As aulas do curso online, tamb\u00e9m conhecido como CATE 3, foram realizadas fazendo uso de uma estrutura tecnol\u00f3gica e metodol\u00f3gica que possibilitou aos professores e coordenadores pedag\u00f3gicos acess\u00e1-lo por meio de ambiente virtual de aprendizagem. O curso teve a carga hor\u00e1ria integral de 120 horas e foi constitu\u00eddo de dois m\u00f3dulos de 60h cada. O primeiro teve tr\u00eas etapas divididas em: Tecnologias Digitais da Informa\u00e7\u00e3o e Comunica\u00e7\u00e3o (TDIC) para a comunica\u00e7\u00e3o e coleta de dados; TDIC para Comunica\u00e7\u00e3o, Produ\u00e7\u00e3o e Colabora\u00e7\u00e3o; e Avalia\u00e7\u00e3o do M\u00f3dulo. O segundo m\u00f3dulo tamb\u00e9m teve tr\u00eas etapas divididos em: TDIC para Organiza\u00e7\u00e3o e Cria\u00e7\u00e3o; Ambientes Virtuais de Aprendizagem; e Avalia\u00e7\u00e3o do M\u00f3dulo.<\/p>\n<p style=\"text-align: justify;\"><em>Fonte: SECOM\/ Bahia<\/em><\/p>\n","protected":false},"excerpt":{"rendered":"<p>Como forma de valorizar a carreira do magist\u00e9rio p\u00fablico estadual, o Governo do Estado, por meio da Secretaria da Educa\u00e7\u00e3o, publicou neste s\u00e1bado (18), no Di\u00e1rio Oficial (D.O), a progress\u00e3o nos graus da carreira de 22.763 educadores da rede estadual de ensino. Com o mesmo objetivo tamb\u00e9m foi publicada, no Di\u00e1rio Oficial, a mudan\u00e7a de &hellip;<\/p>\n","protected":false},"author":2,"featured_media":3358,"comment_status":"open","ping_status":"open","sticky":false,"template":"","format":"standard","meta":{"om_disable_all_campaigns":false,"_monsterinsights_skip_tracking":false,"_monsterinsights_sitenote_active":false,"_monsterinsights_sitenote_note":"","_monsterinsights_sitenote_category":0,"footnotes":""},"categories":[33,70,20,69],"tags":[54,912,2770,184,1519],"class_list":["post-17162","post","type-post","status-publish","format-standard","has-post-thumbnail","hentry","category-bahia","category-destaques","category-educacao","category-noticias2","tag-bahia","tag-governo-da-bahia","tag-magisterio","tag-professores","tag-promocao"],"aioseo_notices":[],"_links":{"self":[{"href":"https:\/\/www.portalalerta.com.br\/index.php\/wp-json\/wp\/v2\/posts\/17162","targetHints":{"allow":["GET"]}}],"collection":[{"href":"https:\/\/www.portalalerta.com.br\/index.php\/wp-json\/wp\/v2\/posts"}],"about":[{"href":"https:\/\/www.portalalerta.com.br\/index.php\/wp-json\/wp\/v2\/types\/post"}],"author":[{"embeddable":true,"href":"https:\/\/www.portalalerta.com.br\/index.php\/wp-json\/wp\/v2\/users\/2"}],"replies":[{"embeddable":true,"href":"https:\/\/www.portalalerta.com.br\/index.php\/wp-json\/wp\/v2\/comments?post=17162"}],"version-history":[{"count":0,"href":"https:\/\/www.portalalerta.com.br\/index.php\/wp-json\/wp\/v2\/posts\/17162\/revisions"}],"wp:featuredmedia":[{"embeddable":true,"href":"https:\/\/www.portalalerta.com.br\/index.php\/wp-json\/wp\/v2\/media\/3358"}],"wp:attachment":[{"href":"https:\/\/www.portalalerta.com.br\/index.php\/wp-json\/wp\/v2\/media?parent=17162"}],"wp:term":[{"taxonomy":"category","embeddable":true,"href":"https:\/\/www.portalalerta.com.br\/index.php\/wp-json\/wp\/v2\/categories?post=17162"},{"taxonomy":"post_tag","embeddable":true,"href":"https:\/\/www.portalalerta.com.br\/index.php\/wp-json\/wp\/v2\/tags?post=17162"}],"curies":[{"name":"wp","href":"https:\/\/api.w.org\/{rel}","templated":true}]}}