{"id":17164,"date":"2019-05-20T00:26:30","date_gmt":"2019-05-20T03:26:30","guid":{"rendered":"http:\/\/www.portalalerta.com.br\/?p=17164"},"modified":"2019-05-20T00:26:30","modified_gmt":"2019-05-20T03:26:30","slug":"por-determinacao-judicial-policia-encerra-festa-em-ribeira-do-pombal-ba","status":"publish","type":"post","link":"https:\/\/www.portalalerta.com.br\/index.php\/2019\/05\/20\/por-determinacao-judicial-policia-encerra-festa-em-ribeira-do-pombal-ba\/","title":{"rendered":"Por determina\u00e7\u00e3o judicial, Pol\u00edcia Encerra festa em Ribeira do Pombal-BA"},"content":{"rendered":"<p style=\"text-align: justify;\">No final da tarde do \u00faltimo s\u00e1bado, 18, policiais militares do 2\u00ba Pelot\u00e3o e membros do Conselho Tutelar de Ribeira do Pombal-BA, se dirigiram at\u00e9 uma Casa de Shows situada na Rua Jo\u00e3o XXIII, centro da cidade, com a finalidade de apurarem a presen\u00e7a de menores de idade, no referido estabelecimento.<!--more--><\/p>\n<p style=\"text-align: justify;\">De acordo com informa\u00e7\u00f5es preliminares, a festa deveria ser frequentada apenas por pessoas adultas, tendo em vista que os organizadores n\u00e3o providenciaram o Alvar\u00e1 junto \u00e0 Vara da Inf\u00e2ncia e da Juventude da Comarca local, conforme previsto na <a href=\"http:\/\/www.portalalerta.com.br\/index.php\/2018\/11\/14\/portaria-da-vara-da-infancia-e-da-juventude-restringe-a-presenca-de-criancas-e-adolescentes-bem-como-a-realizacao-de-eventos-festivos-em-ribeira-do-pombal-ba\/\"><strong>Portaria 06\/ 2018 que visa disciplinar a entrada e perman\u00eancia de crian\u00e7a ou adolescente, desacompanhado dos pais ou respons\u00e1vel, em bailes ou promo\u00e7\u00f5es dan\u00e7antes, boates, bares, ou cong\u00eaneres<\/strong><\/a>.<\/p>\n<p style=\"text-align: justify;\">J\u00e1 no interior da Casa de Shows, os policiais e conselheiros tutelares, encontraram menores de idade, e por conta disso, cumpriram a determina\u00e7\u00e3o judicial. Na ocasi\u00e3o, todos os menores foram devidamente identificados pelos conselheiros, e posteriormente liberados. A festa que j\u00e1 estava em andamento, foi encerrada, e a Casa de Shows fechada para o p\u00fablico.<\/p>\n<p style=\"text-align: justify;\"><strong><img fetchpriority=\"high\" decoding=\"async\" class=\"size-thumbnail wp-image-4869 aligncenter\" src=\"http:\/\/www.portalalerta.com.br\/wp-content\/uploads\/2018\/02\/Auto-Escola-Nobre-720x181.jpg\" alt=\"\" width=\"720\" height=\"181\" srcset=\"https:\/\/www.portalalerta.com.br\/wp-content\/uploads\/2018\/02\/Auto-Escola-Nobre.jpg 720w, https:\/\/www.portalalerta.com.br\/wp-content\/uploads\/2018\/02\/Auto-Escola-Nobre-260x65.jpg 260w, https:\/\/www.portalalerta.com.br\/wp-content\/uploads\/2018\/02\/Auto-Escola-Nobre-50x13.jpg 50w, https:\/\/www.portalalerta.com.br\/wp-content\/uploads\/2018\/02\/Auto-Escola-Nobre-150x38.jpg 150w\" sizes=\"(max-width: 720px) 100vw, 720px\" \/>Regulamenta\u00e7\u00e3o<\/strong><\/p>\n<p style=\"text-align: justify;\">J\u00e1 h\u00e1 alguns dias, o cumprimento da Portaria 06\/2018 tem causado uma grande pol\u00eamica entre a sociedade, promotores de eventos, artistas, propriet\u00e1rios de estabelecimentos, e representantes do judici\u00e1rio e seguran\u00e7a p\u00fablica.<\/p>\n<p style=\"text-align: justify;\">O caso, j\u00e1 gerou discuss\u00f5es, chegando ao ponto de reunir os interessados na C\u00e2mara de Vereadores, onde foi realizada uma <a href=\"http:\/\/www.portalalerta.com.br\/index.php\/2019\/05\/03\/audiencia-publica-define-comissao-para-executar-modificacoes-na-lei-do-silencio-em-ribeira-do-pombal-ba\/\"><strong>audi\u00eancia p\u00fablica<\/strong><\/a>.<\/p>\n<p style=\"text-align: justify;\">J\u00e1 no dia 04 do corrente m\u00eas, profissionais da seguran\u00e7a p\u00fablica, interromperam um som automotivo durante a realiza\u00e7\u00e3o de uma vaquejada realizada no Parque Segismundo Mac\u00eado, bem como um show musical realizado na Av. Oliveira Brito, tamb\u00e9m no centro da cidade. Al\u00e9m disso, a aparelhagem de som utilizada durante o evento, foi apreendida. Na \u00e9poca o que motivou a a\u00e7\u00e3o policial, tamb\u00e9m teria sido a Portaria 06\/2018. <a href=\"http:\/\/www.portalalerta.com.br\/index.php\/2019\/05\/05\/em-menos-de-uma-semana-apos-audiencia-publica-policia-interrompe-show-e-apreende-aparelhos-sonoros-em-ribeira-do-pombal-ba\/\"><strong>Relembre<\/strong><\/a><\/p>\n<p style=\"text-align: justify;\"><a href=\"http:\/\/www.facebook.com.br\/pombalalerta\"><strong style=\"font-style: inherit;\">Curta nossa p\u00e1gina no facebook, e continue atualizado sobre tudo o que acontece em sua cidade!<\/strong><\/a><\/p>\n<p style=\"text-align: justify;\"><a href=\"https:\/\/play.google.com\/store\/apps\/details?id=com.globalstore.portalalerta\"><strong style=\"font-style: inherit;\">Baixe o NOVO APLICATIVO Portal Alerta, e fique de olho na not\u00edcia<\/strong><\/a><\/p>\n<p style=\"text-align: justify;\"><em style=\"font-weight: inherit;\">Reda\u00e7\u00e3o: Portal Alerta<\/em><\/p>\n<p style=\"text-align: justify;\">Imagem Ilustrativa<\/p>\n","protected":false},"excerpt":{"rendered":"<p>No final da tarde do \u00faltimo s\u00e1bado, 18, policiais militares do 2\u00ba Pelot\u00e3o e membros do Conselho Tutelar de Ribeira do Pombal-BA, se dirigiram at\u00e9 uma Casa de Shows situada na Rua Jo\u00e3o XXIII, centro da cidade, com a finalidade de apurarem a presen\u00e7a de menores de idade, no referido estabelecimento.<\/p>\n","protected":false},"author":2,"featured_media":17165,"comment_status":"open","ping_status":"open","sticky":false,"template":"","format":"standard","meta":{"om_disable_all_campaigns":false,"_monsterinsights_skip_tracking":false,"_monsterinsights_sitenote_active":false,"_monsterinsights_sitenote_note":"","_monsterinsights_sitenote_category":0,"footnotes":""},"categories":[70,36,69,32,3,22],"tags":[795,344,270,79,47,1864],"class_list":["post-17164","post","type-post","status-publish","format-standard","has-post-thumbnail","hentry","category-destaques","category-lazer","category-noticias2","category-regiao","category-ribeira-do-pombal","category-seguranca","tag-conselho-tutelar","tag-festa","tag-justica","tag-policia-militar","tag-ribeira-do-pombal","tag-vara-da-infancia-e-da-juventude"],"aioseo_notices":[],"_links":{"self":[{"href":"https:\/\/www.portalalerta.com.br\/index.php\/wp-json\/wp\/v2\/posts\/17164","targetHints":{"allow":["GET"]}}],"collection":[{"href":"https:\/\/www.portalalerta.com.br\/index.php\/wp-json\/wp\/v2\/posts"}],"about":[{"href":"https:\/\/www.portalalerta.com.br\/index.php\/wp-json\/wp\/v2\/types\/post"}],"author":[{"embeddable":true,"href":"https:\/\/www.portalalerta.com.br\/index.php\/wp-json\/wp\/v2\/users\/2"}],"replies":[{"embeddable":true,"href":"https:\/\/www.portalalerta.com.br\/index.php\/wp-json\/wp\/v2\/comments?post=17164"}],"version-history":[{"count":0,"href":"https:\/\/www.portalalerta.com.br\/index.php\/wp-json\/wp\/v2\/posts\/17164\/revisions"}],"wp:featuredmedia":[{"embeddable":true,"href":"https:\/\/www.portalalerta.com.br\/index.php\/wp-json\/wp\/v2\/media\/17165"}],"wp:attachment":[{"href":"https:\/\/www.portalalerta.com.br\/index.php\/wp-json\/wp\/v2\/media?parent=17164"}],"wp:term":[{"taxonomy":"category","embeddable":true,"href":"https:\/\/www.portalalerta.com.br\/index.php\/wp-json\/wp\/v2\/categories?post=17164"},{"taxonomy":"post_tag","embeddable":true,"href":"https:\/\/www.portalalerta.com.br\/index.php\/wp-json\/wp\/v2\/tags?post=17164"}],"curies":[{"name":"wp","href":"https:\/\/api.w.org\/{rel}","templated":true}]}}