{"id":17173,"date":"2019-05-20T14:57:10","date_gmt":"2019-05-20T17:57:10","guid":{"rendered":"http:\/\/www.portalalerta.com.br\/?p=17173"},"modified":"2019-05-20T14:57:10","modified_gmt":"2019-05-20T17:57:10","slug":"ex-ministro-revela-que-lula-ira-se-casar-assim-que-sair-da-prisao","status":"publish","type":"post","link":"https:\/\/www.portalalerta.com.br\/index.php\/2019\/05\/20\/ex-ministro-revela-que-lula-ira-se-casar-assim-que-sair-da-prisao\/","title":{"rendered":"Ex-ministro revela que Lula ir\u00e1 se casar assim que sair da pris\u00e3o"},"content":{"rendered":"<p style=\"text-align: justify;\">O ex-presidente Lula quer se casar quando sair da pris\u00e3o. A informa\u00e7\u00e3o foi divulgada pelo ex-ministro Luiz Carlos Bresser Pereira em uma postagem no Facebook neste s\u00e1bado (18).<!--more--><\/p>\n<p style=\"text-align: justify;\"><img fetchpriority=\"high\" decoding=\"async\" class=\"size-thumbnail wp-image-15254 aligncenter\" src=\"http:\/\/www.portalalerta.com.br\/wp-content\/uploads\/2019\/03\/Real-Estilo-e-Voc\u00ea-633x240.jpeg\" alt=\"\" width=\"633\" height=\"240\" srcset=\"https:\/\/www.portalalerta.com.br\/wp-content\/uploads\/2019\/03\/Real-Estilo-e-Voc\u00ea-633x240.jpeg 633w, https:\/\/www.portalalerta.com.br\/wp-content\/uploads\/2019\/03\/Real-Estilo-e-Voc\u00ea-260x99.jpeg 260w, https:\/\/www.portalalerta.com.br\/wp-content\/uploads\/2019\/03\/Real-Estilo-e-Voc\u00ea-50x19.jpeg 50w, https:\/\/www.portalalerta.com.br\/wp-content\/uploads\/2019\/03\/Real-Estilo-e-Voc\u00ea-150x57.jpeg 150w, https:\/\/www.portalalerta.com.br\/wp-content\/uploads\/2019\/03\/Real-Estilo-e-Voc\u00ea.jpeg 720w\" sizes=\"(max-width: 633px) 100vw, 633px\" \/>Bresser Pereira esteve com Lula na \u00faltima quinta-feira (16), em Curitiba, e considerou bom o estado f\u00edsico e ps\u00edquico do ex-presidente. Al\u00e9m disso, segundo Bresser, Lula quer se empenhar para colaborar em um acordo nacional entre trabalhadores e empresas, al\u00e9m da soberania nacional. \u201cEle est\u00e1 em \u00f3tima forma f\u00edsica e ps\u00edquica. Sua grande preocupa\u00e7\u00e3o agora \u00e9 com a defesa da soberania \u2013 com a uni\u00e3o dos brasileiros para defender o Brasil e seu povo contra isso que est\u00e1 a\u00ed. Sua maior demanda \u00e9 a de ter reconhecida sua inoc\u00eancia. Est\u00e1 apaixonado e seu primeiro projeto ao sair da pris\u00e3o \u00e9 se casar\u201d, escreveu.<\/p>\n<p style=\"text-align: justify;\">Conforme o colunista da \u00c9poca, Guilherme Amado, a namorada tem cerca de 40 anos e visita Lula com frequ\u00eancia na cela da Pol\u00edcia Federal. Lula, que tem 73 anos, \u00e9 vi\u00favo h\u00e1 poucos mais de dois anos.<\/p>\n<p style=\"text-align: justify;\"><em>Fonte: A Voz do Campo<\/em><\/p>\n","protected":false},"excerpt":{"rendered":"<p>O ex-presidente Lula quer se casar quando sair da pris\u00e3o. A informa\u00e7\u00e3o foi divulgada pelo ex-ministro Luiz Carlos Bresser Pereira em uma postagem no Facebook neste s\u00e1bado (18).<\/p>\n","protected":false},"author":2,"featured_media":16549,"comment_status":"open","ping_status":"open","sticky":false,"template":"","format":"standard","meta":{"om_disable_all_campaigns":false,"_monsterinsights_skip_tracking":false,"_monsterinsights_sitenote_active":false,"_monsterinsights_sitenote_note":"","_monsterinsights_sitenote_category":0,"footnotes":""},"categories":[34,70,69,21,22],"tags":[93,1192,303,77,304],"class_list":["post-17173","post","type-post","status-publish","format-standard","has-post-thumbnail","hentry","category-brasil","category-destaques","category-noticias2","category-politica","category-seguranca","tag-brasil","tag-casamento","tag-lula","tag-preso","tag-pt"],"aioseo_notices":[],"_links":{"self":[{"href":"https:\/\/www.portalalerta.com.br\/index.php\/wp-json\/wp\/v2\/posts\/17173","targetHints":{"allow":["GET"]}}],"collection":[{"href":"https:\/\/www.portalalerta.com.br\/index.php\/wp-json\/wp\/v2\/posts"}],"about":[{"href":"https:\/\/www.portalalerta.com.br\/index.php\/wp-json\/wp\/v2\/types\/post"}],"author":[{"embeddable":true,"href":"https:\/\/www.portalalerta.com.br\/index.php\/wp-json\/wp\/v2\/users\/2"}],"replies":[{"embeddable":true,"href":"https:\/\/www.portalalerta.com.br\/index.php\/wp-json\/wp\/v2\/comments?post=17173"}],"version-history":[{"count":0,"href":"https:\/\/www.portalalerta.com.br\/index.php\/wp-json\/wp\/v2\/posts\/17173\/revisions"}],"wp:featuredmedia":[{"embeddable":true,"href":"https:\/\/www.portalalerta.com.br\/index.php\/wp-json\/wp\/v2\/media\/16549"}],"wp:attachment":[{"href":"https:\/\/www.portalalerta.com.br\/index.php\/wp-json\/wp\/v2\/media?parent=17173"}],"wp:term":[{"taxonomy":"category","embeddable":true,"href":"https:\/\/www.portalalerta.com.br\/index.php\/wp-json\/wp\/v2\/categories?post=17173"},{"taxonomy":"post_tag","embeddable":true,"href":"https:\/\/www.portalalerta.com.br\/index.php\/wp-json\/wp\/v2\/tags?post=17173"}],"curies":[{"name":"wp","href":"https:\/\/api.w.org\/{rel}","templated":true}]}}