{"id":17179,"date":"2019-05-20T15:38:37","date_gmt":"2019-05-20T18:38:37","guid":{"rendered":"http:\/\/www.portalalerta.com.br\/?p=17179"},"modified":"2019-05-20T15:38:37","modified_gmt":"2019-05-20T18:38:37","slug":"maioria-dos-alunos-das-federais-e-negra-e-de-baixa-renda-diz-pesquisa","status":"publish","type":"post","link":"https:\/\/www.portalalerta.com.br\/index.php\/2019\/05\/20\/maioria-dos-alunos-das-federais-e-negra-e-de-baixa-renda-diz-pesquisa\/","title":{"rendered":"Maioria dos alunos das federais \u00e9 negra e de baixa renda, diz pesquisa"},"content":{"rendered":"<p style=\"text-align: justify;\">A maioria dos estudantes de institui\u00e7\u00f5es federais de ensino superior \u00e9 negra e tem renda mensal per capita de at\u00e9 um sal\u00e1rio m\u00ednimo e meio. Os dados constam de pesquisa divulgada na quinta-feira (16) pela Associa\u00e7\u00e3o Nacional dos Dirigentes das Institui\u00e7\u00f5es Federais de Ensino Superior (Andifes).<!--more--><\/p>\n<p style=\"text-align: justify;\">O levantamento aponta que, em 2018, dos 1,2 milh\u00e3o de estudantes das universidades e institutos em todo o pa\u00eds, 470,2 mil se declaram pardos e 143,5 mil se reconhecem como pretos, sendo que 10,7 mil se afirmam pretos quilombolas, de acordo com a classifica\u00e7\u00e3o usada pelo Instituto Brasileiro de Geografia e Estat\u00edstica (IBGE). O n\u00famero representa 51,2% do total de alunos. Outros 43,3% se declaram brancos, 2,1% amarelos e 0,9% ind\u00edgenas. A Andifes indica que, em compara\u00e7\u00e3o com o levantamento anterior, de 2014, o n\u00famero de negros quilombolas mais do que duplicou.<\/p>\n<p style=\"text-align: justify;\"><img fetchpriority=\"high\" decoding=\"async\" class=\"size-thumbnail wp-image-4869 aligncenter\" src=\"http:\/\/www.portalalerta.com.br\/wp-content\/uploads\/2018\/02\/Auto-Escola-Nobre-720x181.jpg\" alt=\"\" width=\"720\" height=\"181\" srcset=\"https:\/\/www.portalalerta.com.br\/wp-content\/uploads\/2018\/02\/Auto-Escola-Nobre.jpg 720w, https:\/\/www.portalalerta.com.br\/wp-content\/uploads\/2018\/02\/Auto-Escola-Nobre-260x65.jpg 260w, https:\/\/www.portalalerta.com.br\/wp-content\/uploads\/2018\/02\/Auto-Escola-Nobre-50x13.jpg 50w, https:\/\/www.portalalerta.com.br\/wp-content\/uploads\/2018\/02\/Auto-Escola-Nobre-150x38.jpg 150w\" sizes=\"(max-width: 720px) 100vw, 720px\" \/>Em rela\u00e7\u00e3o \u00e0 situa\u00e7\u00e3o econ\u00f4mica, 70,2% do total de estudantes vive em fam\u00edlias com renda mensal per capita entre 0,5 e 1,5 sal\u00e1rio m\u00ednimo. Na Bahia, 77,4% dos alunos est\u00e3o nessa condi\u00e7\u00e3o. Na outra ponta, a porcentagem de alunos com renda per capita acima de sete sal\u00e1rios m\u00ednimos n\u00e3o chega a 2%.<\/p>\n<p style=\"text-align: justify;\">O levantamento ainda aponta que 64,7% dos estudantes cursaram o ensino m\u00e9dio em escola p\u00fablica, enquanto 35,3% s\u00e3o oriundos de escolas particulares.<\/p>\n<p style=\"text-align: justify;\">A V Pesquisa do Perfil Socioecon\u00f4mico e Cultural dos Estudantes de Gradua\u00e7\u00e3o foi realizada pela Andifes entre fevereiro e junho de 2018 e levou em considera\u00e7\u00e3o mais de 424,1 mil respostas de estudantes.<\/p>\n<p style=\"text-align: justify;\">Fonte: R\u00e1dio Povo<\/p>\n<p style=\"text-align: justify;\"><em>Com informa\u00e7\u00f5es: Metro1<\/em><\/p>\n","protected":false},"excerpt":{"rendered":"<p>A maioria dos estudantes de institui\u00e7\u00f5es federais de ensino superior \u00e9 negra e tem renda mensal per capita de at\u00e9 um sal\u00e1rio m\u00ednimo e meio. Os dados constam de pesquisa divulgada na quinta-feira (16) pela Associa\u00e7\u00e3o Nacional dos Dirigentes das Institui\u00e7\u00f5es Federais de Ensino Superior (Andifes).<\/p>\n","protected":false},"author":2,"featured_media":3788,"comment_status":"open","ping_status":"open","sticky":false,"template":"","format":"standard","meta":{"om_disable_all_campaigns":false,"_monsterinsights_skip_tracking":false,"_monsterinsights_sitenote_active":false,"_monsterinsights_sitenote_note":"","_monsterinsights_sitenote_category":0,"footnotes":""},"categories":[34,70,20,69],"tags":[93,140,335,2774],"class_list":["post-17179","post","type-post","status-publish","format-standard","has-post-thumbnail","hentry","category-brasil","category-destaques","category-educacao","category-noticias2","tag-brasil","tag-educacao","tag-pesquisa","tag-universidades-federais"],"aioseo_notices":[],"_links":{"self":[{"href":"https:\/\/www.portalalerta.com.br\/index.php\/wp-json\/wp\/v2\/posts\/17179","targetHints":{"allow":["GET"]}}],"collection":[{"href":"https:\/\/www.portalalerta.com.br\/index.php\/wp-json\/wp\/v2\/posts"}],"about":[{"href":"https:\/\/www.portalalerta.com.br\/index.php\/wp-json\/wp\/v2\/types\/post"}],"author":[{"embeddable":true,"href":"https:\/\/www.portalalerta.com.br\/index.php\/wp-json\/wp\/v2\/users\/2"}],"replies":[{"embeddable":true,"href":"https:\/\/www.portalalerta.com.br\/index.php\/wp-json\/wp\/v2\/comments?post=17179"}],"version-history":[{"count":0,"href":"https:\/\/www.portalalerta.com.br\/index.php\/wp-json\/wp\/v2\/posts\/17179\/revisions"}],"wp:featuredmedia":[{"embeddable":true,"href":"https:\/\/www.portalalerta.com.br\/index.php\/wp-json\/wp\/v2\/media\/3788"}],"wp:attachment":[{"href":"https:\/\/www.portalalerta.com.br\/index.php\/wp-json\/wp\/v2\/media?parent=17179"}],"wp:term":[{"taxonomy":"category","embeddable":true,"href":"https:\/\/www.portalalerta.com.br\/index.php\/wp-json\/wp\/v2\/categories?post=17179"},{"taxonomy":"post_tag","embeddable":true,"href":"https:\/\/www.portalalerta.com.br\/index.php\/wp-json\/wp\/v2\/tags?post=17179"}],"curies":[{"name":"wp","href":"https:\/\/api.w.org\/{rel}","templated":true}]}}