{"id":17186,"date":"2019-05-21T11:27:46","date_gmt":"2019-05-21T14:27:46","guid":{"rendered":"http:\/\/www.portalalerta.com.br\/?p=17186"},"modified":"2019-05-21T11:27:46","modified_gmt":"2019-05-21T14:27:46","slug":"interior-de-ribeira-do-pombal-ba-recebera-feiras-de-saude","status":"publish","type":"post","link":"https:\/\/www.portalalerta.com.br\/index.php\/2019\/05\/21\/interior-de-ribeira-do-pombal-ba-recebera-feiras-de-saude\/","title":{"rendered":"Interior de Ribeira do Pombal-BA receber\u00e1 Feiras de Sa\u00fade"},"content":{"rendered":"<p style=\"text-align: justify;\">Com o sucesso das \u00faltimas feiras de sa\u00fade realizadas em Ribeira do Pombal, a Secretaria de Sa\u00fade vai iniciar uma s\u00e9rie de atendimentos na mesma modalidade no interior do munic\u00edpio.\u00a0O primeiro ser\u00e1 j\u00e1 no dia 22 de maio, quarta-feira, no povoado Tapera, onde v\u00e1rias comunidades da regi\u00e3o tamb\u00e9m ser\u00e3o beneficiadas. Para ser atendido n\u00e3o ser\u00e1 necess\u00e1rio marca\u00e7\u00e3o antecipada, basta comparecer com documentos, comprovante de endere\u00e7o e cart\u00e3o do SUS. O atendimento vai ser na UBS.<!--more--><\/p>\n<p style=\"text-align: justify;\"><img fetchpriority=\"high\" decoding=\"async\" class=\"size-thumbnail wp-image-15254 aligncenter\" src=\"http:\/\/www.portalalerta.com.br\/wp-content\/uploads\/2019\/03\/Real-Estilo-e-Voc\u00ea-633x240.jpeg\" alt=\"\" width=\"633\" height=\"240\" srcset=\"https:\/\/www.portalalerta.com.br\/wp-content\/uploads\/2019\/03\/Real-Estilo-e-Voc\u00ea-633x240.jpeg 633w, https:\/\/www.portalalerta.com.br\/wp-content\/uploads\/2019\/03\/Real-Estilo-e-Voc\u00ea-260x99.jpeg 260w, https:\/\/www.portalalerta.com.br\/wp-content\/uploads\/2019\/03\/Real-Estilo-e-Voc\u00ea-50x19.jpeg 50w, https:\/\/www.portalalerta.com.br\/wp-content\/uploads\/2019\/03\/Real-Estilo-e-Voc\u00ea-150x57.jpeg 150w, https:\/\/www.portalalerta.com.br\/wp-content\/uploads\/2019\/03\/Real-Estilo-e-Voc\u00ea.jpeg 720w\" sizes=\"(max-width: 633px) 100vw, 633px\" \/><strong>SERVI\u00c7OS OFERTADOS:<\/strong> Dermatologia, Cardiologia, Ortopedia, Pediatria, Odontologia, Clinico Geral, Nutri\u00e7\u00e3o, Psicologia, Ultrassonografia, Exames Laboratoriais. COMUNIDADES QUE SER\u00c3O ATENDIDAS: Povoado Tapera, Fazendas Manteiga, Baixa da Berlenga, Canavieira, Cedro, S\u00edtio, Salgadinho, Baixa da Caruara, Caruara, Olhos D\u00e1gua, Pocobatiba, pedrinhas, Pinto II, Pixu e La\u00e7ador.<\/p>\n<p style=\"text-align: justify;\"><em>Fonte: Joilson Costa<\/em><\/p>\n<p style=\"text-align: justify;\"><em>Com informa\u00e7\u00f5es: SECOM\/ Ribeira do Pombal<\/em><\/p>\n","protected":false},"excerpt":{"rendered":"<p>Com o sucesso das \u00faltimas feiras de sa\u00fade realizadas em Ribeira do Pombal, a Secretaria de Sa\u00fade vai iniciar uma s\u00e9rie de atendimentos na mesma modalidade no interior do munic\u00edpio.\u00a0O primeiro ser\u00e1 j\u00e1 no dia 22 de maio, quarta-feira, no povoado Tapera, onde v\u00e1rias comunidades da regi\u00e3o tamb\u00e9m ser\u00e3o beneficiadas. Para ser atendido n\u00e3o ser\u00e1 &hellip;<\/p>\n","protected":false},"author":2,"featured_media":10306,"comment_status":"open","ping_status":"open","sticky":false,"template":"","format":"standard","meta":{"om_disable_all_campaigns":false,"_monsterinsights_skip_tracking":false,"_monsterinsights_sitenote_active":false,"_monsterinsights_sitenote_note":"","_monsterinsights_sitenote_category":0,"footnotes":""},"categories":[70,69,32,3,19],"tags":[1561,47,61,433],"class_list":["post-17186","post","type-post","status-publish","format-standard","has-post-thumbnail","hentry","category-destaques","category-noticias2","category-regiao","category-ribeira-do-pombal","category-saude","tag-feira-de-saude","tag-ribeira-do-pombal","tag-saude","tag-secretaria-de-saude"],"aioseo_notices":[],"_links":{"self":[{"href":"https:\/\/www.portalalerta.com.br\/index.php\/wp-json\/wp\/v2\/posts\/17186","targetHints":{"allow":["GET"]}}],"collection":[{"href":"https:\/\/www.portalalerta.com.br\/index.php\/wp-json\/wp\/v2\/posts"}],"about":[{"href":"https:\/\/www.portalalerta.com.br\/index.php\/wp-json\/wp\/v2\/types\/post"}],"author":[{"embeddable":true,"href":"https:\/\/www.portalalerta.com.br\/index.php\/wp-json\/wp\/v2\/users\/2"}],"replies":[{"embeddable":true,"href":"https:\/\/www.portalalerta.com.br\/index.php\/wp-json\/wp\/v2\/comments?post=17186"}],"version-history":[{"count":0,"href":"https:\/\/www.portalalerta.com.br\/index.php\/wp-json\/wp\/v2\/posts\/17186\/revisions"}],"wp:featuredmedia":[{"embeddable":true,"href":"https:\/\/www.portalalerta.com.br\/index.php\/wp-json\/wp\/v2\/media\/10306"}],"wp:attachment":[{"href":"https:\/\/www.portalalerta.com.br\/index.php\/wp-json\/wp\/v2\/media?parent=17186"}],"wp:term":[{"taxonomy":"category","embeddable":true,"href":"https:\/\/www.portalalerta.com.br\/index.php\/wp-json\/wp\/v2\/categories?post=17186"},{"taxonomy":"post_tag","embeddable":true,"href":"https:\/\/www.portalalerta.com.br\/index.php\/wp-json\/wp\/v2\/tags?post=17186"}],"curies":[{"name":"wp","href":"https:\/\/api.w.org\/{rel}","templated":true}]}}