{"id":17189,"date":"2019-05-21T11:31:46","date_gmt":"2019-05-21T14:31:46","guid":{"rendered":"http:\/\/www.portalalerta.com.br\/?p=17189"},"modified":"2019-05-21T11:31:46","modified_gmt":"2019-05-21T14:31:46","slug":"rui-assina-carta-de-governadores-contra-decreto-presidencial-que-facilita-o-acesso-a-armas-e-municoes","status":"publish","type":"post","link":"https:\/\/www.portalalerta.com.br\/index.php\/2019\/05\/21\/rui-assina-carta-de-governadores-contra-decreto-presidencial-que-facilita-o-acesso-a-armas-e-municoes\/","title":{"rendered":"Rui assina carta de governadores contra decreto presidencial que facilita o acesso a armas e muni\u00e7\u00f5es"},"content":{"rendered":"<p style=\"text-align: justify;\">Rui Costa est\u00e1 entre os 13 governadores que assinaram uma carta contra o novo decreto de Regulamenta\u00e7\u00e3o de Armas e Muni\u00e7\u00f5es, do presidente Jair Bolsonaro. No documento, os chefes do Executivo de 12 estados e do Distrito Federal manifestam sua preocupa\u00e7\u00e3o com a flexibiliza\u00e7\u00e3o da atual legisla\u00e7\u00e3o do controle de armas e muni\u00e7\u00f5es.<!--more--><\/p>\n<p style=\"text-align: justify;\"><img fetchpriority=\"high\" decoding=\"async\" class=\"size-full wp-image-2902 alignleft\" src=\"http:\/\/www.portalalerta.com.br\/wp-content\/uploads\/2017\/11\/elab-2.jpg\" alt=\"\" width=\"310\" height=\"200\" srcset=\"https:\/\/www.portalalerta.com.br\/wp-content\/uploads\/2017\/11\/elab-2.jpg 310w, https:\/\/www.portalalerta.com.br\/wp-content\/uploads\/2017\/11\/elab-2-226x146.jpg 226w, https:\/\/www.portalalerta.com.br\/wp-content\/uploads\/2017\/11\/elab-2-50x32.jpg 50w, https:\/\/www.portalalerta.com.br\/wp-content\/uploads\/2017\/11\/elab-2-116x75.jpg 116w\" sizes=\"(max-width: 310px) 100vw, 310px\" \/>Para os signat\u00e1rios da carta, os problemas de seguran\u00e7a registrados no pa\u00eds s\u00e3o um entrave ao seu desenvolvimento social e econ\u00f4mico. Na sua avalia\u00e7\u00e3o, o acesso facilitado a armas e muni\u00e7\u00f5es, que podem ser usadas de forma il\u00edcita, imp\u00f5e um desafio ainda maior ao enfrentamento e combate \u00e0 viol\u00eancia.<\/p>\n<p style=\"text-align: justify;\">A argumenta\u00e7\u00e3o dos governadores \u00e9 que, em vez de aumentar a seguran\u00e7a, a flexibiliza\u00e7\u00e3o no controle das armas tende a aumentar os \u00edndices de viol\u00eancia no pa\u00eds.<\/p>\n<p style=\"text-align: justify;\">Al\u00e9m do governador baiano, tamb\u00e9m assinam o documento o chefe do Executivo dos estados do Maranh\u00e3o, Piau\u00ed, Pernambuco, Cear\u00e1, Para\u00edba, Esp\u00edrito Santo, Rio Grande do Norte, Alagoas, Sergipe, Amazonas e Tocantins, assim como o do Distrito Federal.<\/p>\n<p style=\"text-align: justify;\"><em>Fonte: SECOM\/ Bahia<\/em><\/p>\n","protected":false},"excerpt":{"rendered":"<p>Rui Costa est\u00e1 entre os 13 governadores que assinaram uma carta contra o novo decreto de Regulamenta\u00e7\u00e3o de Armas e Muni\u00e7\u00f5es, do presidente Jair Bolsonaro. No documento, os chefes do Executivo de 12 estados e do Distrito Federal manifestam sua preocupa\u00e7\u00e3o com a flexibiliza\u00e7\u00e3o da atual legisla\u00e7\u00e3o do controle de armas e muni\u00e7\u00f5es.<\/p>\n","protected":false},"author":2,"featured_media":12323,"comment_status":"open","ping_status":"open","sticky":false,"template":"","format":"standard","meta":{"om_disable_all_campaigns":false,"_monsterinsights_skip_tracking":false,"_monsterinsights_sitenote_active":false,"_monsterinsights_sitenote_note":"","_monsterinsights_sitenote_category":0,"footnotes":""},"categories":[33,70,69,21,22],"tags":[228,1164,283,1395,282],"class_list":["post-17189","post","type-post","status-publish","format-standard","has-post-thumbnail","hentry","category-bahia","category-destaques","category-noticias2","category-politica","category-seguranca","tag-arma-de-fogo","tag-decreto","tag-governador","tag-jair-bolsonaro","tag-rui-costa"],"aioseo_notices":[],"_links":{"self":[{"href":"https:\/\/www.portalalerta.com.br\/index.php\/wp-json\/wp\/v2\/posts\/17189","targetHints":{"allow":["GET"]}}],"collection":[{"href":"https:\/\/www.portalalerta.com.br\/index.php\/wp-json\/wp\/v2\/posts"}],"about":[{"href":"https:\/\/www.portalalerta.com.br\/index.php\/wp-json\/wp\/v2\/types\/post"}],"author":[{"embeddable":true,"href":"https:\/\/www.portalalerta.com.br\/index.php\/wp-json\/wp\/v2\/users\/2"}],"replies":[{"embeddable":true,"href":"https:\/\/www.portalalerta.com.br\/index.php\/wp-json\/wp\/v2\/comments?post=17189"}],"version-history":[{"count":0,"href":"https:\/\/www.portalalerta.com.br\/index.php\/wp-json\/wp\/v2\/posts\/17189\/revisions"}],"wp:featuredmedia":[{"embeddable":true,"href":"https:\/\/www.portalalerta.com.br\/index.php\/wp-json\/wp\/v2\/media\/12323"}],"wp:attachment":[{"href":"https:\/\/www.portalalerta.com.br\/index.php\/wp-json\/wp\/v2\/media?parent=17189"}],"wp:term":[{"taxonomy":"category","embeddable":true,"href":"https:\/\/www.portalalerta.com.br\/index.php\/wp-json\/wp\/v2\/categories?post=17189"},{"taxonomy":"post_tag","embeddable":true,"href":"https:\/\/www.portalalerta.com.br\/index.php\/wp-json\/wp\/v2\/tags?post=17189"}],"curies":[{"name":"wp","href":"https:\/\/api.w.org\/{rel}","templated":true}]}}