{"id":17315,"date":"2019-05-27T00:49:59","date_gmt":"2019-05-27T03:49:59","guid":{"rendered":"http:\/\/www.portalalerta.com.br\/?p=17315"},"modified":"2019-05-27T00:49:59","modified_gmt":"2019-05-27T03:49:59","slug":"policia-prende-suspeito-de-matar-homem-a-facadas-em-jeremoabo-ba","status":"publish","type":"post","link":"https:\/\/www.portalalerta.com.br\/index.php\/2019\/05\/27\/policia-prende-suspeito-de-matar-homem-a-facadas-em-jeremoabo-ba\/","title":{"rendered":"Pol\u00edcia prende suspeito de matar homem a facadas em Jeremoabo- BA"},"content":{"rendered":"<p style=\"text-align: justify;\">Jos\u00e9 Rubens da Silva Ferreira foi preso em flagrante na tarde de quinta-feira (23), por volta das 17h30min, ap\u00f3s matar um homem identificado como Edvaldo Oliveira de Jesus a facadas durante uma discuss\u00e3o na cidade de Jeremoabo-BA.<!--more--><\/p>\n<p style=\"text-align: justify;\">Segundo a Pol\u00edcia, o crime ocorreu na Pra\u00e7a S\u00e3o L\u00e1zaro, no bairro Jos\u00e9 Nolasco. Os dois brigaram e o suspeito deu v\u00e1rias facadas na v\u00edtima, que n\u00e3o resistiu e morreu no local. Ap\u00f3s o crime, o suspeito fugiu.<\/p>\n<p style=\"text-align: justify;\"><img fetchpriority=\"high\" decoding=\"async\" class=\"size-full wp-image-2902 alignleft\" src=\"http:\/\/www.portalalerta.com.br\/wp-content\/uploads\/2017\/11\/elab-2.jpg\" alt=\"\" width=\"310\" height=\"200\" srcset=\"https:\/\/www.portalalerta.com.br\/wp-content\/uploads\/2017\/11\/elab-2.jpg 310w, https:\/\/www.portalalerta.com.br\/wp-content\/uploads\/2017\/11\/elab-2-226x146.jpg 226w, https:\/\/www.portalalerta.com.br\/wp-content\/uploads\/2017\/11\/elab-2-50x32.jpg 50w, https:\/\/www.portalalerta.com.br\/wp-content\/uploads\/2017\/11\/elab-2-116x75.jpg 116w\" sizes=\"(max-width: 310px) 100vw, 310px\" \/>Conforme a ocorr\u00eancia, o homem seguiu em dire\u00e7\u00e3o ao posto de combust\u00edveis que fica localizado as margens da BR- 110. No entanto, a Pol\u00edcia Civil foi avisada, foi ao endere\u00e7o, localizou o suspeito que recebeu voz de pris\u00e3o.<\/p>\n<p style=\"text-align: justify;\">O suspeito foi levado para a Delegacia de Pol\u00edcia de Jeremoabo para as demais provid\u00eancias.<\/p>\n<p style=\"text-align: justify;\">A Pol\u00edcia isolou o local do crime at\u00e9 a chegada do DPT, que realizou a per\u00edcia no local e encaminhou o corpo para o Instituto M\u00e9dico Legal de Paulo Afonso.<\/p>\n<p style=\"text-align: justify;\"><em>Fonte: Jeremoabo Agora<\/em><\/p>\n<p style=\"text-align: justify;\"><em>Com informa\u00e7\u00f5es: Chico Sabe Tudo<\/em><\/p>\n","protected":false},"excerpt":{"rendered":"<p>Jos\u00e9 Rubens da Silva Ferreira foi preso em flagrante na tarde de quinta-feira (23), por volta das 17h30min, ap\u00f3s matar um homem identificado como Edvaldo Oliveira de Jesus a facadas durante uma discuss\u00e3o na cidade de Jeremoabo-BA.<\/p>\n","protected":false},"author":2,"featured_media":17316,"comment_status":"open","ping_status":"open","sticky":false,"template":"","format":"standard","meta":{"om_disable_all_campaigns":false,"_monsterinsights_skip_tracking":false,"_monsterinsights_sitenote_active":false,"_monsterinsights_sitenote_note":"","_monsterinsights_sitenote_category":0,"footnotes":""},"categories":[70,9,69,32,22],"tags":[492,258,206,230,122,77],"class_list":["post-17315","post","type-post","status-publish","format-standard","has-post-thumbnail","hentry","category-destaques","category-jeremoabo","category-noticias2","category-regiao","category-seguranca","tag-facada","tag-homicida","tag-homicidio","tag-jeremoabo","tag-policia-civil","tag-preso"],"aioseo_notices":[],"_links":{"self":[{"href":"https:\/\/www.portalalerta.com.br\/index.php\/wp-json\/wp\/v2\/posts\/17315","targetHints":{"allow":["GET"]}}],"collection":[{"href":"https:\/\/www.portalalerta.com.br\/index.php\/wp-json\/wp\/v2\/posts"}],"about":[{"href":"https:\/\/www.portalalerta.com.br\/index.php\/wp-json\/wp\/v2\/types\/post"}],"author":[{"embeddable":true,"href":"https:\/\/www.portalalerta.com.br\/index.php\/wp-json\/wp\/v2\/users\/2"}],"replies":[{"embeddable":true,"href":"https:\/\/www.portalalerta.com.br\/index.php\/wp-json\/wp\/v2\/comments?post=17315"}],"version-history":[{"count":0,"href":"https:\/\/www.portalalerta.com.br\/index.php\/wp-json\/wp\/v2\/posts\/17315\/revisions"}],"wp:featuredmedia":[{"embeddable":true,"href":"https:\/\/www.portalalerta.com.br\/index.php\/wp-json\/wp\/v2\/media\/17316"}],"wp:attachment":[{"href":"https:\/\/www.portalalerta.com.br\/index.php\/wp-json\/wp\/v2\/media?parent=17315"}],"wp:term":[{"taxonomy":"category","embeddable":true,"href":"https:\/\/www.portalalerta.com.br\/index.php\/wp-json\/wp\/v2\/categories?post=17315"},{"taxonomy":"post_tag","embeddable":true,"href":"https:\/\/www.portalalerta.com.br\/index.php\/wp-json\/wp\/v2\/tags?post=17315"}],"curies":[{"name":"wp","href":"https:\/\/api.w.org\/{rel}","templated":true}]}}