{"id":17458,"date":"2019-06-02T20:06:48","date_gmt":"2019-06-02T23:06:48","guid":{"rendered":"http:\/\/www.portalalerta.com.br\/?p=17458"},"modified":"2019-06-02T20:08:19","modified_gmt":"2019-06-02T23:08:19","slug":"jovem-e-assassinado-dentro-de-igreja-em-nova-soure-ba","status":"publish","type":"post","link":"https:\/\/www.portalalerta.com.br\/index.php\/2019\/06\/02\/jovem-e-assassinado-dentro-de-igreja-em-nova-soure-ba\/","title":{"rendered":"Jovem \u00e9 assassinado dentro de igreja, em Nova Soure-BA"},"content":{"rendered":"<p style=\"text-align: justify;\">Por volta das 19:30hs do \u00faltimo s\u00e1bado, 1\u00ba, policiais militares do 1\u00ba Pelot\u00e3o\/ Nova Soure-BA, foram informados atrav\u00e9s de um telefonema, de que tinha acabado de acontecer mais um homic\u00eddio no munic\u00edpio, desta vez o fato teria ocorrido no povoado Serem\u00e3o.<!--more--><\/p>\n<p style=\"text-align: justify;\">Os militares seguiram para o local, onde constataram a veracidade da informa\u00e7\u00e3o. A v\u00edtima foi identificada como Jorge Paulo dos Santos (Cabor\u00e9), 22 anos.<\/p>\n<p style=\"text-align: justify;\">De acordo com informa\u00e7\u00f5es, a v\u00edtima se encontrava no interior de uma igreja evang\u00e9lica, no referido povoado, quando foi surpreendido por criminosos que chegaram ao local a bordo de uma picape Fiat Strada de cor branca, demais dados n\u00e3o informados. O jovem foi retirado do interior da igreja, sendo alvejado por disparos de arma de fogo, n\u00e3o resistindo aos ferimentos, tendo o seu \u00f3bito constatado ainda no local. Quanto aos criminosos fugiram para um destino ignorado.<\/p>\n<p style=\"text-align: justify;\"><strong><img fetchpriority=\"high\" decoding=\"async\" class=\"size-thumbnail wp-image-15254 aligncenter\" src=\"http:\/\/www.portalalerta.com.br\/wp-content\/uploads\/2019\/03\/Real-Estilo-e-Voc\u00ea-633x240.jpeg\" alt=\"\" width=\"633\" height=\"240\" srcset=\"https:\/\/www.portalalerta.com.br\/wp-content\/uploads\/2019\/03\/Real-Estilo-e-Voc\u00ea-633x240.jpeg 633w, https:\/\/www.portalalerta.com.br\/wp-content\/uploads\/2019\/03\/Real-Estilo-e-Voc\u00ea-260x99.jpeg 260w, https:\/\/www.portalalerta.com.br\/wp-content\/uploads\/2019\/03\/Real-Estilo-e-Voc\u00ea-50x19.jpeg 50w, https:\/\/www.portalalerta.com.br\/wp-content\/uploads\/2019\/03\/Real-Estilo-e-Voc\u00ea-150x57.jpeg 150w, https:\/\/www.portalalerta.com.br\/wp-content\/uploads\/2019\/03\/Real-Estilo-e-Voc\u00ea.jpeg 720w\" sizes=\"(max-width: 633px) 100vw, 633px\" \/>Cabor\u00e9<\/strong><\/p>\n<p style=\"text-align: justify;\"><img decoding=\"async\" class=\"aligncenter wp-image-17459 size-full\" src=\"http:\/\/www.portalalerta.com.br\/wp-content\/uploads\/2019\/06\/homic\u00eddio-em-Nova-Soure-2019.3.jpg\" alt=\"\" width=\"500\" height=\"400\" srcset=\"https:\/\/www.portalalerta.com.br\/wp-content\/uploads\/2019\/06\/homic\u00eddio-em-Nova-Soure-2019.3.jpg 500w, https:\/\/www.portalalerta.com.br\/wp-content\/uploads\/2019\/06\/homic\u00eddio-em-Nova-Soure-2019.3-300x240.jpg 300w, https:\/\/www.portalalerta.com.br\/wp-content\/uploads\/2019\/06\/homic\u00eddio-em-Nova-Soure-2019.3-183x146.jpg 183w, https:\/\/www.portalalerta.com.br\/wp-content\/uploads\/2019\/06\/homic\u00eddio-em-Nova-Soure-2019.3-50x40.jpg 50w, https:\/\/www.portalalerta.com.br\/wp-content\/uploads\/2019\/06\/homic\u00eddio-em-Nova-Soure-2019.3-94x75.jpg 94w\" sizes=\"(max-width: 500px) 100vw, 500px\" \/>A v\u00edtima tinha hist\u00f3rico na pr\u00e1tica de diversos crimes no munic\u00edpio em quest\u00e3o. Em julho de 2017 foi preso em cumprimento a um Mandado de Pris\u00e3o, onde era suspeito de: Tentativa de latroc\u00ednio, roubo de ve\u00edculos, invas\u00e3o e furtos de resid\u00eancias, entre outros. <a href=\"http:\/\/www.pombalalerta.com.br\/index2.php\/noticias\/pombal-alerta\/regiao\/item\/4600-nova-soure-ba-tr%C3%AAs-mandados-de-pris%C3%A3o-em-menos-de-uma-semana.html\"><strong>Relembre<\/strong><\/a><\/p>\n<p style=\"text-align: justify;\"><strong>Um homic\u00eddio por m\u00eas<\/strong><\/p>\n<p style=\"text-align: justify;\">O corpo de \u201cCabor\u00e9\u201d foi recolhido pela equipe do Departamento de Pol\u00edcia T\u00e9cnica para ser necropsiado.\u00a0 Com este crime, Nova Soure-BA chega ao sexto homic\u00eddio do ano, permanecendo com a marca de um assassinato por m\u00eas.<\/p>\n<p style=\"text-align: justify;\"><a href=\"http:\/\/www.facebook.com.br\/pombalalerta\"><strong style=\"font-style: inherit;\">Curta nossa p\u00e1gina no facebook, e continue atualizado sobre tudo o que acontece em sua cidade!<\/strong><\/a><\/p>\n<p style=\"text-align: justify;\"><a href=\"https:\/\/play.google.com\/store\/apps\/details?id=com.globalstore.portalalerta\"><strong style=\"font-style: inherit;\">Baixe o NOVO APLICATIVO Portal Alerta, e fique de olho na not\u00edcia<\/strong><\/a><\/p>\n<p style=\"text-align: justify;\"><em style=\"font-weight: inherit;\">\u00a0Reda\u00e7\u00e3o: Portal Alerta<\/em><\/p>\n<p style=\"text-align: justify;\">\n","protected":false},"excerpt":{"rendered":"<p>Por volta das 19:30hs do \u00faltimo s\u00e1bado, 1\u00ba, policiais militares do 1\u00ba Pelot\u00e3o\/ Nova Soure-BA, foram informados atrav\u00e9s de um telefonema, de que tinha acabado de acontecer mais um homic\u00eddio no munic\u00edpio, desta vez o fato teria ocorrido no povoado Serem\u00e3o.<\/p>\n","protected":false},"author":2,"featured_media":13265,"comment_status":"open","ping_status":"open","sticky":false,"template":"","format":"standard","meta":{"om_disable_all_campaigns":false,"_monsterinsights_skip_tracking":false,"_monsterinsights_sitenote_active":false,"_monsterinsights_sitenote_note":"","_monsterinsights_sitenote_category":0,"footnotes":""},"categories":[70,69,14,32,22],"tags":[375,206,817,1223,106,229],"class_list":["post-17458","post","type-post","status-publish","format-standard","has-post-thumbnail","hentry","category-destaques","category-noticias2","category-nova-soure","category-regiao","category-seguranca","tag-disparos-de-arma-de-fogo","tag-homicidio","tag-igreja","tag-igreja-evangelica","tag-nova-soure","tag-povoado"],"aioseo_notices":[],"_links":{"self":[{"href":"https:\/\/www.portalalerta.com.br\/index.php\/wp-json\/wp\/v2\/posts\/17458","targetHints":{"allow":["GET"]}}],"collection":[{"href":"https:\/\/www.portalalerta.com.br\/index.php\/wp-json\/wp\/v2\/posts"}],"about":[{"href":"https:\/\/www.portalalerta.com.br\/index.php\/wp-json\/wp\/v2\/types\/post"}],"author":[{"embeddable":true,"href":"https:\/\/www.portalalerta.com.br\/index.php\/wp-json\/wp\/v2\/users\/2"}],"replies":[{"embeddable":true,"href":"https:\/\/www.portalalerta.com.br\/index.php\/wp-json\/wp\/v2\/comments?post=17458"}],"version-history":[{"count":0,"href":"https:\/\/www.portalalerta.com.br\/index.php\/wp-json\/wp\/v2\/posts\/17458\/revisions"}],"wp:featuredmedia":[{"embeddable":true,"href":"https:\/\/www.portalalerta.com.br\/index.php\/wp-json\/wp\/v2\/media\/13265"}],"wp:attachment":[{"href":"https:\/\/www.portalalerta.com.br\/index.php\/wp-json\/wp\/v2\/media?parent=17458"}],"wp:term":[{"taxonomy":"category","embeddable":true,"href":"https:\/\/www.portalalerta.com.br\/index.php\/wp-json\/wp\/v2\/categories?post=17458"},{"taxonomy":"post_tag","embeddable":true,"href":"https:\/\/www.portalalerta.com.br\/index.php\/wp-json\/wp\/v2\/tags?post=17458"}],"curies":[{"name":"wp","href":"https:\/\/api.w.org\/{rel}","templated":true}]}}