{"id":17470,"date":"2019-06-03T13:31:20","date_gmt":"2019-06-03T16:31:20","guid":{"rendered":"http:\/\/www.portalalerta.com.br\/?p=17470"},"modified":"2019-06-03T13:31:20","modified_gmt":"2019-06-03T16:31:20","slug":"jovem-morto-a-paulada-e-encontrado-na-zona-suburbana-de-euclides-da-cunha-ba","status":"publish","type":"post","link":"https:\/\/www.portalalerta.com.br\/index.php\/2019\/06\/03\/jovem-morto-a-paulada-e-encontrado-na-zona-suburbana-de-euclides-da-cunha-ba\/","title":{"rendered":"Jovem morto a paulada \u00e9 encontrado na zona suburbana de Euclides da Cunha-BA"},"content":{"rendered":"<p style=\"text-align: justify;\">Um jovem de prenome Marcelo foi encontrado morto na proximidade de uma choperia situada no per\u00edmetro suburbano de Euclides da Cunha-BA.\u00a0<!--more--><\/p>\n<p style=\"text-align: justify;\">O comunicado foi feito a 1\u00aa Delegacia Territorial de Pol\u00edcia Judici\u00e1ria de Euclides da Cunha, na manh\u00e3 deste s\u00e1bado, 1\u00ba.<br \/>\n<img fetchpriority=\"high\" decoding=\"async\" class=\"size-full wp-image-2867 aligncenter\" src=\"http:\/\/www.portalalerta.com.br\/wp-content\/uploads\/2017\/11\/protege-1.jpg\" alt=\"\" width=\"600\" height=\"140\" \/>Suspeita-se que a v\u00edtima, que costumava andar pelas ruas da cidade portando uma garrafa de aguardente, tenha sido morta a pauladas, pelas contus\u00f5es apresentadas.<\/p>\n<p style=\"text-align: justify;\">Uma viatura do IML fez o recolhimento do corpo, enquanto uma equipe formada pelo investigador Raphael Rangel e guardas GCMs buscavam informa\u00e7\u00f5es em busca de pista que possa levar \u00e0 autoria do crime.<\/p>\n<p style=\"text-align: justify;\"><em>Fonte: Gazeta do Mel<\/em><\/p>\n<p style=\"text-align: justify;\"><em>Com informa\u00e7\u00f5es: euclides da cunha.com<\/em><\/p>\n","protected":false},"excerpt":{"rendered":"<p>Um jovem de prenome Marcelo foi encontrado morto na proximidade de uma choperia situada no per\u00edmetro suburbano de Euclides da Cunha-BA.\u00a0<\/p>\n","protected":false},"author":2,"featured_media":17471,"comment_status":"open","ping_status":"open","sticky":false,"template":"","format":"standard","meta":{"om_disable_all_campaigns":false,"_monsterinsights_skip_tracking":false,"_monsterinsights_sitenote_active":false,"_monsterinsights_sitenote_note":"","_monsterinsights_sitenote_category":0,"footnotes":""},"categories":[70,17,69,32,22],"tags":[129,206,169,1261],"class_list":["post-17470","post","type-post","status-publish","format-standard","has-post-thumbnail","hentry","category-destaques","category-euclides-da-cunha","category-noticias2","category-regiao","category-seguranca","tag-euclides-da-cunha","tag-homicidio","tag-morte","tag-paulada"],"aioseo_notices":[],"_links":{"self":[{"href":"https:\/\/www.portalalerta.com.br\/index.php\/wp-json\/wp\/v2\/posts\/17470","targetHints":{"allow":["GET"]}}],"collection":[{"href":"https:\/\/www.portalalerta.com.br\/index.php\/wp-json\/wp\/v2\/posts"}],"about":[{"href":"https:\/\/www.portalalerta.com.br\/index.php\/wp-json\/wp\/v2\/types\/post"}],"author":[{"embeddable":true,"href":"https:\/\/www.portalalerta.com.br\/index.php\/wp-json\/wp\/v2\/users\/2"}],"replies":[{"embeddable":true,"href":"https:\/\/www.portalalerta.com.br\/index.php\/wp-json\/wp\/v2\/comments?post=17470"}],"version-history":[{"count":0,"href":"https:\/\/www.portalalerta.com.br\/index.php\/wp-json\/wp\/v2\/posts\/17470\/revisions"}],"wp:featuredmedia":[{"embeddable":true,"href":"https:\/\/www.portalalerta.com.br\/index.php\/wp-json\/wp\/v2\/media\/17471"}],"wp:attachment":[{"href":"https:\/\/www.portalalerta.com.br\/index.php\/wp-json\/wp\/v2\/media?parent=17470"}],"wp:term":[{"taxonomy":"category","embeddable":true,"href":"https:\/\/www.portalalerta.com.br\/index.php\/wp-json\/wp\/v2\/categories?post=17470"},{"taxonomy":"post_tag","embeddable":true,"href":"https:\/\/www.portalalerta.com.br\/index.php\/wp-json\/wp\/v2\/tags?post=17470"}],"curies":[{"name":"wp","href":"https:\/\/api.w.org\/{rel}","templated":true}]}}