{"id":17491,"date":"2019-06-04T12:14:48","date_gmt":"2019-06-04T15:14:48","guid":{"rendered":"http:\/\/www.portalalerta.com.br\/?p=17491"},"modified":"2019-06-04T12:33:03","modified_gmt":"2019-06-04T15:33:03","slug":"ministerio-da-agricultura-confirma-caso-de-vaca-louca-no-mato-grosso","status":"publish","type":"post","link":"https:\/\/www.portalalerta.com.br\/index.php\/2019\/06\/04\/ministerio-da-agricultura-confirma-caso-de-vaca-louca-no-mato-grosso\/","title":{"rendered":"Minist\u00e9rio da Agricultura confirma caso de vaca louca no Mato Grosso"},"content":{"rendered":"<p style=\"text-align: justify;\">O Minist\u00e9rio da Agricultura confirmou, no fim desta tarde, um caso de Encefalopatia Espongiforme Bovina, tamb\u00e9m conhecida como mal da vaca louca, no Mato Grosso. A pasta informou que a ocorr\u00eancia \u00e9 isolada e n\u00e3o traz risco para a popula\u00e7\u00e3o.<!--more--><\/p>\n<p style=\"text-align: justify;\">Segundo a Secretaria de Defesa Agropecu\u00e1ria do minist\u00e9rio, o caso foi registrado numa vaca de corte de 17 anos. O animal foi abatido e teve o material de risco de contamina\u00e7\u00e3o retirado e incinerado no pr\u00f3prio matadouro. Os produtos derivados da vaca foram identificados e apreendidos preventivamente.<\/p>\n<p style=\"text-align: justify;\">Com as medidas preventivas tomadas, a pasta descarta o risco de a doen\u00e7a passar para a popula\u00e7\u00e3o porque n\u00e3o houve ingresso de nenhum res\u00edduo do animal na cadeia alimentar de humanos e de ruminantes. O Minist\u00e9rio da Agricultura reiterou que a doen\u00e7a, na variedade at\u00edpica, ocorre de maneira aleat\u00f3ria, espont\u00e2nea e espor\u00e1dica, sem estar relacionada \u00e0 ingest\u00e3o pelo animal de alimentos contaminados.<\/p>\n<p style=\"text-align: justify;\"><img fetchpriority=\"high\" decoding=\"async\" class=\"size-thumbnail wp-image-4869 aligncenter\" src=\"http:\/\/www.portalalerta.com.br\/wp-content\/uploads\/2018\/02\/Auto-Escola-Nobre-720x181.jpg\" alt=\"\" width=\"720\" height=\"181\" srcset=\"https:\/\/www.portalalerta.com.br\/wp-content\/uploads\/2018\/02\/Auto-Escola-Nobre.jpg 720w, https:\/\/www.portalalerta.com.br\/wp-content\/uploads\/2018\/02\/Auto-Escola-Nobre-260x65.jpg 260w, https:\/\/www.portalalerta.com.br\/wp-content\/uploads\/2018\/02\/Auto-Escola-Nobre-50x13.jpg 50w, https:\/\/www.portalalerta.com.br\/wp-content\/uploads\/2018\/02\/Auto-Escola-Nobre-150x38.jpg 150w\" sizes=\"(max-width: 720px) 100vw, 720px\" \/>Ap\u00f3s a confirma\u00e7\u00e3o do caso, que s\u00f3 saiu hoje (31), o Brasil notificou oficialmente a Organiza\u00e7\u00e3o Mundial de Sa\u00fade Animal (OIE) e os pa\u00edses importadores. No entanto, todas as a\u00e7\u00f5es sanit\u00e1rias para eliminar o risco foram tomadas preventivamente pelo Minist\u00e9rio da Agricultura e pelo Instituto de Defesa Agropecu\u00e1ria de Mato Grosso, antes mesmo da emiss\u00e3o do laudo final da morte do animal. A propriedade de origem tinha sido interditada imediatamente ap\u00f3s a detec\u00e7\u00e3o da suspeita.<\/p>\n<p style=\"text-align: justify;\">O Minist\u00e9rio da Agricultura ressaltou que o caso isolado n\u00e3o mudar\u00e1 a classifica\u00e7\u00e3o de risco do Brasil para a doen\u00e7a. O pa\u00eds continuar\u00e1 a ser considerado de risco insignificante. Em mais de 20 anos desde que o mal da vaca louca foi descoberto, o Brasil registrou somente tr\u00eas casos de EEB at\u00edpica, contra\u00edda de forma isolada, e nenhum caso de EEB cl\u00e1ssica, quando a doen\u00e7a \u00e9 contra\u00edda pela ingest\u00e3o de carne do animal contaminado.<\/p>\n<p style=\"text-align: justify;\"><strong>Sobre a doen\u00e7a<\/strong><\/p>\n<p style=\"text-align: justify;\">Doen\u00e7a cerebral em bovinos adultos que pode ser transmitida aos seres humanos pela ingest\u00e3o de carne contaminada, o mal da vaca louca \u00e9 causada por prote\u00ednas alteradas e n\u00e3o tem cura nem tratamento. O c\u00e9rebro das v\u00edtimas perde massa e torna-se uma esponja, com o paciente sofrendo acelerada deteriora\u00e7\u00e3o mental e entrando em coma em poucos meses. N\u00e3o existe transmiss\u00e3o de uma pessoa para outra.<\/p>\n<p style=\"text-align: justify;\">No fim dos anos 1990, alguns pa\u00edses da Europa enfrentaram um surto de casos de vaca louca por causa do consumo, por outros animais, de ra\u00e7\u00e3o processada de bovinos afetados pela doen\u00e7a.<\/p>\n<p style=\"text-align: justify;\"><em>Fonte: Portal Euclidense<\/em><\/p>\n","protected":false},"excerpt":{"rendered":"<p>O Minist\u00e9rio da Agricultura confirmou, no fim desta tarde, um caso de Encefalopatia Espongiforme Bovina, tamb\u00e9m conhecida como mal da vaca louca, no Mato Grosso. A pasta informou que a ocorr\u00eancia \u00e9 isolada e n\u00e3o traz risco para a popula\u00e7\u00e3o.<\/p>\n","protected":false},"author":2,"featured_media":17492,"comment_status":"open","ping_status":"open","sticky":false,"template":"","format":"standard","meta":{"om_disable_all_campaigns":false,"_monsterinsights_skip_tracking":false,"_monsterinsights_sitenote_active":false,"_monsterinsights_sitenote_note":"","_monsterinsights_sitenote_category":0,"footnotes":""},"categories":[34,70,69],"tags":[93,1428,2165,2819],"class_list":["post-17491","post","type-post","status-publish","format-standard","has-post-thumbnail","hentry","category-brasil","category-destaques","category-noticias2","tag-brasil","tag-mato-grosso","tag-ministerio-da-agricultura","tag-vaca-louca"],"aioseo_notices":[],"_links":{"self":[{"href":"https:\/\/www.portalalerta.com.br\/index.php\/wp-json\/wp\/v2\/posts\/17491","targetHints":{"allow":["GET"]}}],"collection":[{"href":"https:\/\/www.portalalerta.com.br\/index.php\/wp-json\/wp\/v2\/posts"}],"about":[{"href":"https:\/\/www.portalalerta.com.br\/index.php\/wp-json\/wp\/v2\/types\/post"}],"author":[{"embeddable":true,"href":"https:\/\/www.portalalerta.com.br\/index.php\/wp-json\/wp\/v2\/users\/2"}],"replies":[{"embeddable":true,"href":"https:\/\/www.portalalerta.com.br\/index.php\/wp-json\/wp\/v2\/comments?post=17491"}],"version-history":[{"count":0,"href":"https:\/\/www.portalalerta.com.br\/index.php\/wp-json\/wp\/v2\/posts\/17491\/revisions"}],"wp:featuredmedia":[{"embeddable":true,"href":"https:\/\/www.portalalerta.com.br\/index.php\/wp-json\/wp\/v2\/media\/17492"}],"wp:attachment":[{"href":"https:\/\/www.portalalerta.com.br\/index.php\/wp-json\/wp\/v2\/media?parent=17491"}],"wp:term":[{"taxonomy":"category","embeddable":true,"href":"https:\/\/www.portalalerta.com.br\/index.php\/wp-json\/wp\/v2\/categories?post=17491"},{"taxonomy":"post_tag","embeddable":true,"href":"https:\/\/www.portalalerta.com.br\/index.php\/wp-json\/wp\/v2\/tags?post=17491"}],"curies":[{"name":"wp","href":"https:\/\/api.w.org\/{rel}","templated":true}]}}