{"id":17577,"date":"2019-06-10T00:24:21","date_gmt":"2019-06-10T03:24:21","guid":{"rendered":"http:\/\/www.portalalerta.com.br\/?p=17577"},"modified":"2019-06-10T00:24:21","modified_gmt":"2019-06-10T03:24:21","slug":"jovem-morre-em-acidente-de-transito-em-ribeira-do-pombal-ba","status":"publish","type":"post","link":"https:\/\/www.portalalerta.com.br\/index.php\/2019\/06\/10\/jovem-morre-em-acidente-de-transito-em-ribeira-do-pombal-ba\/","title":{"rendered":"Jovem morre em acidente de tr\u00e2nsito em Ribeira do Pombal-BA"},"content":{"rendered":"<p style=\"text-align: justify;\">Por volta das 15:30hs deste domingo, 09, um jovem de apenas 27 anos morreu ap\u00f3s sofrer um acidente de tr\u00e2nsito na Av. Pedro Rodrigues da Concei\u00e7\u00e3o (antiga Hildete Lomanto), em Ribeira do Pombal-BA.<!--more--><\/p>\n<p style=\"text-align: justify;\">De acordo com informa\u00e7\u00f5es preliminares, Rodrigo Souza Bastos, teria se chocado contra um poste de energia el\u00e9trica, ap\u00f3s ter perdido o controle da dire\u00e7\u00e3o da motocicleta Honda CG de cor preta, demais dados n\u00e3o informados, a qual conduzia.<\/p>\n<p style=\"text-align: justify;\">O fato foi informado aos Guardas Civis Municipais, policiais militares, bem como aos socorristas da Associa\u00e7\u00e3o Nordeste de Resgate (ANR), e Anjos da Terra, por\u00e9m ao chegarem ao local do acidente, n\u00e3o restou mais nada a fazer, tendo em vista que a v\u00edtima j\u00e1 se encontrava sem os sinais vitais.<\/p>\n<p style=\"text-align: justify;\"><img fetchpriority=\"high\" decoding=\"async\" class=\"size-thumbnail wp-image-15254 aligncenter\" src=\"http:\/\/www.portalalerta.com.br\/wp-content\/uploads\/2019\/03\/Real-Estilo-e-Voc\u00ea-633x240.jpeg\" alt=\"\" width=\"633\" height=\"240\" srcset=\"https:\/\/www.portalalerta.com.br\/wp-content\/uploads\/2019\/03\/Real-Estilo-e-Voc\u00ea-633x240.jpeg 633w, https:\/\/www.portalalerta.com.br\/wp-content\/uploads\/2019\/03\/Real-Estilo-e-Voc\u00ea-260x99.jpeg 260w, https:\/\/www.portalalerta.com.br\/wp-content\/uploads\/2019\/03\/Real-Estilo-e-Voc\u00ea-50x19.jpeg 50w, https:\/\/www.portalalerta.com.br\/wp-content\/uploads\/2019\/03\/Real-Estilo-e-Voc\u00ea-150x57.jpeg 150w, https:\/\/www.portalalerta.com.br\/wp-content\/uploads\/2019\/03\/Real-Estilo-e-Voc\u00ea.jpeg 720w\" sizes=\"(max-width: 633px) 100vw, 633px\" \/>O local foi isolado, e o ocorrido foi informado ao Departamento de Pol\u00edcia T\u00e9cnica (DPT \u2013 Euclides da Cunha), para a realiza\u00e7\u00e3o da per\u00edcia, bem como a remo\u00e7\u00e3o do corpo para ser autopsiado.<\/p>\n<figure id=\"attachment_17579\" aria-describedby=\"caption-attachment-17579\" style=\"width: 250px\" class=\"wp-caption aligncenter\"><img decoding=\"async\" class=\"wp-image-17579 size-full\" src=\"http:\/\/www.portalalerta.com.br\/wp-content\/uploads\/2019\/06\/Acidente-em-Ribeira-do-Pombal-2019.5.jpeg\" alt=\"\" width=\"250\" height=\"350\" srcset=\"https:\/\/www.portalalerta.com.br\/wp-content\/uploads\/2019\/06\/Acidente-em-Ribeira-do-Pombal-2019.5.jpeg 250w, https:\/\/www.portalalerta.com.br\/wp-content\/uploads\/2019\/06\/Acidente-em-Ribeira-do-Pombal-2019.5-171x240.jpeg 171w, https:\/\/www.portalalerta.com.br\/wp-content\/uploads\/2019\/06\/Acidente-em-Ribeira-do-Pombal-2019.5-104x146.jpeg 104w, https:\/\/www.portalalerta.com.br\/wp-content\/uploads\/2019\/06\/Acidente-em-Ribeira-do-Pombal-2019.5-36x50.jpeg 36w, https:\/\/www.portalalerta.com.br\/wp-content\/uploads\/2019\/06\/Acidente-em-Ribeira-do-Pombal-2019.5-54x75.jpeg 54w\" sizes=\"(max-width: 250px) 100vw, 250px\" \/><figcaption id=\"caption-attachment-17579\" class=\"wp-caption-text\">Rodrigo n\u00e3o resistiu ao impacto e teve o seu \u00f3bito confirmado ainda no local<\/figcaption><\/figure>\n<p style=\"text-align: justify;\"><strong>Acidentes de grande complexidade<\/strong><\/p>\n<p style=\"text-align: justify;\">Recentemente o comandante do 2\u00ba Pelot\u00e3o da Pol\u00edcia Militar\/ Ribeira do Pombal, o Sub Tenente PM Rocha, participou de uma palestra em alus\u00e3o \u00e0 Campanha Maio Amarelo, onde pontuou algumas causas de acidentes de tr\u00e2nsito, enumerando ocorr\u00eancias atendidas pela Pol\u00edcia Militar no referido munic\u00edpio, sendo algumas delas com \u00f3bitos registrados. <a href=\"http:\/\/www.portalalerta.com.br\/index.php\/2019\/05\/31\/maio-amarelo-policia-militar-realiza-palestra-de-conscientizacao-no-transito-em-ribeira-do-pombal-ba\/\"><strong>Relembre<\/strong><\/a><\/p>\n<p style=\"text-align: justify;\">Na \u00faltima sexta-feira, 07, outro acidente chamou a aten\u00e7\u00e3o pela sua complexidade. Uma Picape Volkswagen Saveiro, de cor prata, placa policial ANK 3092, com licen\u00e7a de C\u00edcero Dantas-BA, capotou quando transitava pela Rua J\u00falio Guerra de Almeida, centro da cidade. O que impressiona \u00e9 justamente a viol\u00eancia do acidente diante de uma via de tr\u00e2nsito lento. Policiais Militares do 2\u00ba Pelot\u00e3o estiveram no local, por\u00e9m o condutor n\u00e3o foi encontrado. Coincidentemente, o local onde ocorreu o capotamento, fica a aproximadamente 200 metros de onde Rodrigo foi v\u00edtima da fatalidade neste domingo.<\/p>\n<figure id=\"attachment_17578\" aria-describedby=\"caption-attachment-17578\" style=\"width: 720px\" class=\"wp-caption aligncenter\"><img decoding=\"async\" class=\"wp-image-17578 size-full\" src=\"http:\/\/www.portalalerta.com.br\/wp-content\/uploads\/2019\/06\/Acidente-em-Ribeira-do-Pombal-2019.3.jpeg\" alt=\"\" width=\"720\" height=\"540\" srcset=\"https:\/\/www.portalalerta.com.br\/wp-content\/uploads\/2019\/06\/Acidente-em-Ribeira-do-Pombal-2019.3.jpeg 720w, https:\/\/www.portalalerta.com.br\/wp-content\/uploads\/2019\/06\/Acidente-em-Ribeira-do-Pombal-2019.3-320x240.jpeg 320w, https:\/\/www.portalalerta.com.br\/wp-content\/uploads\/2019\/06\/Acidente-em-Ribeira-do-Pombal-2019.3-195x146.jpeg 195w, https:\/\/www.portalalerta.com.br\/wp-content\/uploads\/2019\/06\/Acidente-em-Ribeira-do-Pombal-2019.3-50x38.jpeg 50w, https:\/\/www.portalalerta.com.br\/wp-content\/uploads\/2019\/06\/Acidente-em-Ribeira-do-Pombal-2019.3-100x75.jpeg 100w\" sizes=\"(max-width: 720px) 100vw, 720px\" \/><figcaption id=\"caption-attachment-17578\" class=\"wp-caption-text\">O condutor do ve\u00edculo n\u00e3o foi encontrado no local<\/figcaption><\/figure>\n<p style=\"text-align: justify;\"><a href=\"http:\/\/www.facebook.com.br\/pombalalerta\"><strong style=\"font-style: inherit;\">Curta nossa p\u00e1gina no facebook, e continue atualizado sobre tudo o que acontece em sua cidade!<\/strong><\/a><\/p>\n<p style=\"text-align: justify;\"><a href=\"https:\/\/play.google.com\/store\/apps\/details?id=com.globalstore.pombalalerta&amp;hl=pt_BR\"><strong style=\"font-style: inherit;\">Baixe o nosso aplicativo, e fique de olho na not\u00edcia!<\/strong><\/a><\/p>\n<p style=\"text-align: justify;\"><em style=\"font-weight: inherit;\">Reda\u00e7\u00e3o: Portal Alerta<\/em><\/p>\n<p style=\"text-align: justify;\">\n","protected":false},"excerpt":{"rendered":"<p>Por volta das 15:30hs deste domingo, 09, um jovem de apenas 27 anos morreu ap\u00f3s sofrer um acidente de tr\u00e2nsito na Av. Pedro Rodrigues da Concei\u00e7\u00e3o (antiga Hildete Lomanto), em Ribeira do Pombal-BA.<\/p>\n","protected":false},"author":2,"featured_media":17580,"comment_status":"open","ping_status":"open","sticky":false,"template":"","format":"standard","meta":{"om_disable_all_campaigns":false,"_monsterinsights_skip_tracking":false,"_monsterinsights_sitenote_active":false,"_monsterinsights_sitenote_note":"","_monsterinsights_sitenote_category":0,"footnotes":""},"categories":[70,69,32,3],"tags":[166,169,47],"class_list":["post-17577","post","type-post","status-publish","format-standard","has-post-thumbnail","hentry","category-destaques","category-noticias2","category-regiao","category-ribeira-do-pombal","tag-acidente","tag-morte","tag-ribeira-do-pombal"],"aioseo_notices":[],"_links":{"self":[{"href":"https:\/\/www.portalalerta.com.br\/index.php\/wp-json\/wp\/v2\/posts\/17577","targetHints":{"allow":["GET"]}}],"collection":[{"href":"https:\/\/www.portalalerta.com.br\/index.php\/wp-json\/wp\/v2\/posts"}],"about":[{"href":"https:\/\/www.portalalerta.com.br\/index.php\/wp-json\/wp\/v2\/types\/post"}],"author":[{"embeddable":true,"href":"https:\/\/www.portalalerta.com.br\/index.php\/wp-json\/wp\/v2\/users\/2"}],"replies":[{"embeddable":true,"href":"https:\/\/www.portalalerta.com.br\/index.php\/wp-json\/wp\/v2\/comments?post=17577"}],"version-history":[{"count":0,"href":"https:\/\/www.portalalerta.com.br\/index.php\/wp-json\/wp\/v2\/posts\/17577\/revisions"}],"wp:featuredmedia":[{"embeddable":true,"href":"https:\/\/www.portalalerta.com.br\/index.php\/wp-json\/wp\/v2\/media\/17580"}],"wp:attachment":[{"href":"https:\/\/www.portalalerta.com.br\/index.php\/wp-json\/wp\/v2\/media?parent=17577"}],"wp:term":[{"taxonomy":"category","embeddable":true,"href":"https:\/\/www.portalalerta.com.br\/index.php\/wp-json\/wp\/v2\/categories?post=17577"},{"taxonomy":"post_tag","embeddable":true,"href":"https:\/\/www.portalalerta.com.br\/index.php\/wp-json\/wp\/v2\/tags?post=17577"}],"curies":[{"name":"wp","href":"https:\/\/api.w.org\/{rel}","templated":true}]}}