{"id":17586,"date":"2019-06-11T14:04:42","date_gmt":"2019-06-11T17:04:42","guid":{"rendered":"http:\/\/www.portalalerta.com.br\/?p=17586"},"modified":"2019-06-11T14:04:42","modified_gmt":"2019-06-11T17:04:42","slug":"prefeito-de-ribeira-do-pombal-ba-recebe-liderancas-politicas-da-oposicao-de-heliopolis-ba","status":"publish","type":"post","link":"https:\/\/www.portalalerta.com.br\/index.php\/2019\/06\/11\/prefeito-de-ribeira-do-pombal-ba-recebe-liderancas-politicas-da-oposicao-de-heliopolis-ba\/","title":{"rendered":"Prefeito de Ribeira do Pombal-BA recebe lideran\u00e7as pol\u00edticas da oposi\u00e7\u00e3o de Heli\u00f3polis-BA"},"content":{"rendered":"<p style=\"text-align: justify;\">No s\u00e1bado, 8 de junho 2019, o Prefeito Ricardo Maia, do munic\u00edpio de Ribeira do Pombal, recebeu a visita, para uma reuni\u00e3o politica,\u00a0 de varias lideran\u00e7as da oposi\u00e7\u00e3o do munic\u00edpio de Heli\u00f3polis, cujo\u00a0 tema as elei\u00e7\u00f5es de 2020 e 2022 e o desenvolvimento regional. E de conhecimento de todos, pois j\u00e1 foi anunciado por ele, que Ricardo Maia almeja disputar as elei\u00e7\u00f5es de 2022 com candidato a deputado federal. Acordo foi firmado com referencia as duas elei\u00e7\u00f5es. Mais reuni\u00f5es desta natureza com pol\u00edticos de outros munic\u00edpios da regi\u00e3o devem acontecer.<!--more--><\/p>\n<p><img fetchpriority=\"high\" decoding=\"async\" class=\"size-thumbnail wp-image-4869 aligncenter\" src=\"http:\/\/www.portalalerta.com.br\/wp-content\/uploads\/2018\/02\/Auto-Escola-Nobre-720x181.jpg\" alt=\"\" width=\"720\" height=\"181\" srcset=\"https:\/\/www.portalalerta.com.br\/wp-content\/uploads\/2018\/02\/Auto-Escola-Nobre.jpg 720w, https:\/\/www.portalalerta.com.br\/wp-content\/uploads\/2018\/02\/Auto-Escola-Nobre-260x65.jpg 260w, https:\/\/www.portalalerta.com.br\/wp-content\/uploads\/2018\/02\/Auto-Escola-Nobre-50x13.jpg 50w, https:\/\/www.portalalerta.com.br\/wp-content\/uploads\/2018\/02\/Auto-Escola-Nobre-150x38.jpg 150w\" sizes=\"(max-width: 720px) 100vw, 720px\" \/>Sobre esta reuni\u00e3o Ricardo Maia fez a seguinte postagem no sua pagina pessoal no facebook: &#8220;Na tarde deste s\u00e1bado recebi a valiosa visita do pr\u00e9-candidato a prefeito de Heli\u00f3polis, o amigo Mendon\u00e7a, dos ex-prefeitos Valtinho, Aroaldo e Z\u00e9 do Sert\u00e3o (atual vice-prefeito), dos vereadores Giomar, Doriedson e Claudivan, al\u00e9m dos suplentes de vereador Professor Igor, Rivonei e Raul de Ioi\u00f4, das lideran\u00e7a pol\u00edticas Ze Guerra, Ant\u00f4nio Jackson e diversos outros l\u00edderes pol\u00edticos e sindicais.\u00a0Foi um momento de alegria que marcou o in\u00edcio de uma s\u00f3lida parceria em prol do munic\u00edpio de Heli\u00f3polis, Ribeira do Pombal e de nossa querida regi\u00e3o&#8221;<\/p>\n<p style=\"text-align: justify;\"><em>Fonte: Joilson Costa<\/em><\/p>\n","protected":false},"excerpt":{"rendered":"<p>No s\u00e1bado, 8 de junho 2019, o Prefeito Ricardo Maia, do munic\u00edpio de Ribeira do Pombal, recebeu a visita, para uma reuni\u00e3o politica,\u00a0 de varias lideran\u00e7as da oposi\u00e7\u00e3o do munic\u00edpio de Heli\u00f3polis, cujo\u00a0 tema as elei\u00e7\u00f5es de 2020 e 2022 e o desenvolvimento regional. E de conhecimento de todos, pois j\u00e1 foi anunciado por ele, &hellip;<\/p>\n","protected":false},"author":2,"featured_media":17587,"comment_status":"open","ping_status":"open","sticky":false,"template":"","format":"standard","meta":{"om_disable_all_campaigns":false,"_monsterinsights_skip_tracking":false,"_monsterinsights_sitenote_active":false,"_monsterinsights_sitenote_note":"","_monsterinsights_sitenote_category":0,"footnotes":""},"categories":[70,6,69,21,32,3],"tags":[44,646,199,198,47,146],"class_list":["post-17586","post","type-post","status-publish","format-standard","has-post-thumbnail","hentry","category-destaques","category-heliopolis","category-noticias2","category-politica","category-regiao","category-ribeira-do-pombal","tag-heliopolis","tag-oposicao","tag-politica","tag-prefeito","tag-ribeira-do-pombal","tag-ricardo-maia"],"aioseo_notices":[],"_links":{"self":[{"href":"https:\/\/www.portalalerta.com.br\/index.php\/wp-json\/wp\/v2\/posts\/17586","targetHints":{"allow":["GET"]}}],"collection":[{"href":"https:\/\/www.portalalerta.com.br\/index.php\/wp-json\/wp\/v2\/posts"}],"about":[{"href":"https:\/\/www.portalalerta.com.br\/index.php\/wp-json\/wp\/v2\/types\/post"}],"author":[{"embeddable":true,"href":"https:\/\/www.portalalerta.com.br\/index.php\/wp-json\/wp\/v2\/users\/2"}],"replies":[{"embeddable":true,"href":"https:\/\/www.portalalerta.com.br\/index.php\/wp-json\/wp\/v2\/comments?post=17586"}],"version-history":[{"count":0,"href":"https:\/\/www.portalalerta.com.br\/index.php\/wp-json\/wp\/v2\/posts\/17586\/revisions"}],"wp:featuredmedia":[{"embeddable":true,"href":"https:\/\/www.portalalerta.com.br\/index.php\/wp-json\/wp\/v2\/media\/17587"}],"wp:attachment":[{"href":"https:\/\/www.portalalerta.com.br\/index.php\/wp-json\/wp\/v2\/media?parent=17586"}],"wp:term":[{"taxonomy":"category","embeddable":true,"href":"https:\/\/www.portalalerta.com.br\/index.php\/wp-json\/wp\/v2\/categories?post=17586"},{"taxonomy":"post_tag","embeddable":true,"href":"https:\/\/www.portalalerta.com.br\/index.php\/wp-json\/wp\/v2\/tags?post=17586"}],"curies":[{"name":"wp","href":"https:\/\/api.w.org\/{rel}","templated":true}]}}