{"id":17591,"date":"2019-06-11T14:13:13","date_gmt":"2019-06-11T17:13:13","guid":{"rendered":"http:\/\/www.portalalerta.com.br\/?p=17591"},"modified":"2019-06-11T14:13:13","modified_gmt":"2019-06-11T17:13:13","slug":"jovem-e-assassinado-a-tiros-em-araci-ba","status":"publish","type":"post","link":"https:\/\/www.portalalerta.com.br\/index.php\/2019\/06\/11\/jovem-e-assassinado-a-tiros-em-araci-ba\/","title":{"rendered":"Jovem \u00e9 assassinado a tiros em Araci-BA"},"content":{"rendered":"<p style=\"margin: 0cm 0cm 0.0001pt; line-height: 15pt; background: white; vertical-align: baseline; text-align: justify;\"><span style=\"font-family: 'inherit',serif; color: #424140;\">Por volta das 12h30min da \u00faltima sexta-feira (07), um jovem preliminarmente identificado como Alisson, vulgo \u201cRural\u201d, foi assassinado a tiros no bairro Tiracolo, sede do munic\u00edpio de Araci-BA. <\/span><!--more--><\/p>\n<p style=\"margin: 0cm 0cm 0.0001pt; line-height: 15pt; background: white; vertical-align: baseline; text-align: justify;\"><span style=\"font-family: 'inherit',serif; color: #424140;\">\u00a0<\/span><\/p>\n<p style=\"margin: 0cm 0cm 0.0001pt; line-height: 15pt; background: white; vertical-align: baseline; text-align: justify;\"><span style=\"font-family: 'inherit',serif; color: #424140;\"><img fetchpriority=\"high\" decoding=\"async\" class=\"size-thumbnail wp-image-15254 aligncenter\" src=\"http:\/\/www.portalalerta.com.br\/wp-content\/uploads\/2019\/03\/Real-Estilo-e-Voc\u00ea-633x240.jpeg\" alt=\"\" width=\"633\" height=\"240\" srcset=\"https:\/\/www.portalalerta.com.br\/wp-content\/uploads\/2019\/03\/Real-Estilo-e-Voc\u00ea-633x240.jpeg 633w, https:\/\/www.portalalerta.com.br\/wp-content\/uploads\/2019\/03\/Real-Estilo-e-Voc\u00ea-260x99.jpeg 260w, https:\/\/www.portalalerta.com.br\/wp-content\/uploads\/2019\/03\/Real-Estilo-e-Voc\u00ea-50x19.jpeg 50w, https:\/\/www.portalalerta.com.br\/wp-content\/uploads\/2019\/03\/Real-Estilo-e-Voc\u00ea-150x57.jpeg 150w, https:\/\/www.portalalerta.com.br\/wp-content\/uploads\/2019\/03\/Real-Estilo-e-Voc\u00ea.jpeg 720w\" sizes=\"(max-width: 633px) 100vw, 633px\" \/>A Pol\u00edcia Militar esteve no local onde fez buscas pelos suspeitos. O Departamento de Pol\u00edcia T\u00e9cnica (DPT) de Serrinha tamb\u00e9m foi chamado. A Pol\u00edcia Civil investigar\u00e1 o caso. <\/span><\/p>\n<p style=\"margin: 0cm 0cm 0.0001pt; line-height: 15pt; background: white; vertical-align: baseline; text-align: justify;\"><span style=\"font-family: 'inherit',serif; color: #424140;\">\u00a0<\/span><\/p>\n<p style=\"margin: 0cm 0cm 0.0001pt; line-height: 15pt; background: white; vertical-align: baseline; text-align: justify;\"><span style=\"font-family: 'inherit',serif; color: #424140;\">N\u00e3o h\u00e1 informa\u00e7\u00f5es sobre autoria e motiva\u00e7\u00e3o do crime. <\/span><\/p>\n<p style=\"margin: 0cm 0cm 0.0001pt; line-height: 15pt; background: white; vertical-align: baseline; text-align: justify;\"><span style=\"font-family: 'inherit',serif; color: #424140;\">\u00a0<\/span><\/p>\n<p style=\"margin: 0cm 0cm 0.0001pt; line-height: 15pt; background: white; vertical-align: baseline; text-align: justify;\"><em><span style=\"font-family: 'inherit',serif; color: #424140;\">Fonte: A voz do Campo <\/span><\/em><\/p>\n","protected":false},"excerpt":{"rendered":"<p>Por volta das 12h30min da \u00faltima sexta-feira (07), um jovem preliminarmente identificado como Alisson, vulgo \u201cRural\u201d, foi assassinado a tiros no bairro Tiracolo, sede do munic\u00edpio de Araci-BA.<\/p>\n","protected":false},"author":2,"featured_media":17592,"comment_status":"open","ping_status":"open","sticky":false,"template":"","format":"standard","meta":{"om_disable_all_campaigns":false,"_monsterinsights_skip_tracking":false,"_monsterinsights_sitenote_active":false,"_monsterinsights_sitenote_note":"","_monsterinsights_sitenote_category":0,"footnotes":""},"categories":[41,70,69,32,22],"tags":[48,375,206],"class_list":["post-17591","post","type-post","status-publish","format-standard","has-post-thumbnail","hentry","category-araci","category-destaques","category-noticias2","category-regiao","category-seguranca","tag-araci","tag-disparos-de-arma-de-fogo","tag-homicidio"],"aioseo_notices":[],"_links":{"self":[{"href":"https:\/\/www.portalalerta.com.br\/index.php\/wp-json\/wp\/v2\/posts\/17591","targetHints":{"allow":["GET"]}}],"collection":[{"href":"https:\/\/www.portalalerta.com.br\/index.php\/wp-json\/wp\/v2\/posts"}],"about":[{"href":"https:\/\/www.portalalerta.com.br\/index.php\/wp-json\/wp\/v2\/types\/post"}],"author":[{"embeddable":true,"href":"https:\/\/www.portalalerta.com.br\/index.php\/wp-json\/wp\/v2\/users\/2"}],"replies":[{"embeddable":true,"href":"https:\/\/www.portalalerta.com.br\/index.php\/wp-json\/wp\/v2\/comments?post=17591"}],"version-history":[{"count":0,"href":"https:\/\/www.portalalerta.com.br\/index.php\/wp-json\/wp\/v2\/posts\/17591\/revisions"}],"wp:featuredmedia":[{"embeddable":true,"href":"https:\/\/www.portalalerta.com.br\/index.php\/wp-json\/wp\/v2\/media\/17592"}],"wp:attachment":[{"href":"https:\/\/www.portalalerta.com.br\/index.php\/wp-json\/wp\/v2\/media?parent=17591"}],"wp:term":[{"taxonomy":"category","embeddable":true,"href":"https:\/\/www.portalalerta.com.br\/index.php\/wp-json\/wp\/v2\/categories?post=17591"},{"taxonomy":"post_tag","embeddable":true,"href":"https:\/\/www.portalalerta.com.br\/index.php\/wp-json\/wp\/v2\/tags?post=17591"}],"curies":[{"name":"wp","href":"https:\/\/api.w.org\/{rel}","templated":true}]}}