{"id":17594,"date":"2019-06-11T14:17:56","date_gmt":"2019-06-11T17:17:56","guid":{"rendered":"http:\/\/www.portalalerta.com.br\/?p=17594"},"modified":"2019-06-11T14:17:56","modified_gmt":"2019-06-11T17:17:56","slug":"justica-condena-universal-por-obrigar-pastores-a-fazer-vasectomia","status":"publish","type":"post","link":"https:\/\/www.portalalerta.com.br\/index.php\/2019\/06\/11\/justica-condena-universal-por-obrigar-pastores-a-fazer-vasectomia\/","title":{"rendered":"Justi\u00e7a condena Universal por obrigar pastores a fazer vasectomia"},"content":{"rendered":"<p style=\"text-align: justify;\">A\u00a0Igreja Universal do Reino de Deus\u00a0responde a diversas\u00a0a\u00e7\u00f5es judiciais\u00a0movidas por\u00a0ex-pastores\u00a0que alegam ter sido for\u00e7ados pela institui\u00e7\u00e3o a fazer\u00a0vasectomia.<!--more--><\/p>\n<p style=\"text-align: justify;\">Segundo reportagem da\u00a0<em>Folha de S. Paulo<\/em>, os relatos s\u00e3o muito parecidos. Os ex-pastores contam que a pr\u00e1tica garante ingresso, perman\u00eancia e ascens\u00e3o nos quadros da igreja. Segundo eles, a pr\u00e1tica \u00e9 quase um procedimento de recursos humanos.<\/p>\n<p style=\"text-align: justify;\"><img fetchpriority=\"high\" decoding=\"async\" class=\"size-full wp-image-2902 alignleft\" src=\"http:\/\/www.portalalerta.com.br\/wp-content\/uploads\/2017\/11\/elab-2.jpg\" alt=\"\" width=\"310\" height=\"200\" srcset=\"https:\/\/www.portalalerta.com.br\/wp-content\/uploads\/2017\/11\/elab-2.jpg 310w, https:\/\/www.portalalerta.com.br\/wp-content\/uploads\/2017\/11\/elab-2-226x146.jpg 226w, https:\/\/www.portalalerta.com.br\/wp-content\/uploads\/2017\/11\/elab-2-50x32.jpg 50w, https:\/\/www.portalalerta.com.br\/wp-content\/uploads\/2017\/11\/elab-2-116x75.jpg 116w\" sizes=\"(max-width: 310px) 100vw, 310px\" \/>A Igreja Universal do Reino de Deus responde a a\u00e7\u00f5es judiciais movidas por ex-pastores que afirmam ter sido for\u00e7ados ou pressionados pela institui\u00e7\u00e3o religiosa a fazer vasectomia.<\/p>\n<p style=\"text-align: justify;\">Os processos s\u00e3o movidos na Justi\u00e7a do Trabalho, onde a Universal j\u00e1 foi condenada em primeira e segunda inst\u00e2ncias em diferentes casos. H\u00e1 tamb\u00e9m uma condena\u00e7\u00e3o no Tribunal Superior do Trabalho.<\/p>\n<p style=\"text-align: justify;\">No caso mais recente, o Tribunal Regional do Trabalho de S\u00e3o Paulo condenou a igreja a pagar R$ 115 mil por danos morais e materiais a um ex-pastor que prestou servi\u00e7os \u00e0 institui\u00e7\u00e3o religiosa entre 1994 e 2010 em templos no Brasil e em Honduras.<\/p>\n<p style=\"text-align: justify;\">Na decis\u00e3o publicada em 7 de maio deste ano, a relatora do caso, desembargadora Silvana Ariano, disse que h\u00e1 a confirma\u00e7\u00e3o da \u201cpr\u00e1tica de imposi\u00e7\u00e3o de vasectomia\u201d pela Universal.<\/p>\n<p style=\"text-align: justify;\">A imposi\u00e7\u00e3o da esteriliza\u00e7\u00e3o \u201cse constitui em grave viola\u00e7\u00e3o ao direito do trabalhador ao livre controle sobre seu corpo e em indevida intromiss\u00e3o do empregador na vida do trabalhador\u201d, segundo a magistrada.<\/p>\n<p style=\"text-align: justify;\">Sem filhos, os ex-pastores contam que teriam mais disponibilidade para mudar de cidade a mando da igreja, uma vez que a institui\u00e7\u00e3o custeia a fam\u00edlia dos religiosos.<\/p>\n<p style=\"text-align: justify;\">A Universal nega que imponha a vasectomia, diz que saiu vencedora de processos ajuizados contra a igreja e afirma que estimula o planejamento familiar dos casais.<\/p>\n<p style=\"text-align: justify;\"><strong>A\u00e7\u00e3o coletiva pode render multa de R$ 100 milh\u00f5es<\/strong><\/p>\n<p style=\"text-align: justify;\">Os relatos de pastores que se submeteram \u00e0 vasectomia s\u00e3o base de uma a\u00e7\u00e3o civil movida pelo Minist\u00e9rio P\u00fablico do Trabalho do Rio de Janeiro desde 2016.<\/p>\n<p style=\"text-align: justify;\">A promotoria levantou 150 processos trabalhistas contra a Universal s\u00f3 no estado e montaram uma a\u00e7\u00e3o coletiva com o valor reivindicado de R$ 100 milh\u00f5es.<\/p>\n<p style=\"text-align: justify;\">A institui\u00e7\u00e3o religiosa tamb\u00e9m refutou o processo.<\/p>\n<p style=\"text-align: justify;\"><em>Fonte: Yahoo Not\u00edcias<\/em><\/p>\n","protected":false},"excerpt":{"rendered":"<p>A\u00a0Igreja Universal do Reino de Deus\u00a0responde a diversas\u00a0a\u00e7\u00f5es judiciais\u00a0movidas por\u00a0ex-pastores\u00a0que alegam ter sido for\u00e7ados pela institui\u00e7\u00e3o a fazer\u00a0vasectomia.<\/p>\n","protected":false},"author":2,"featured_media":17595,"comment_status":"open","ping_status":"open","sticky":false,"template":"","format":"standard","meta":{"om_disable_all_campaigns":false,"_monsterinsights_skip_tracking":false,"_monsterinsights_sitenote_active":false,"_monsterinsights_sitenote_note":"","_monsterinsights_sitenote_category":0,"footnotes":""},"categories":[34,70,69],"tags":[93,316,2839,2838,270],"class_list":["post-17594","post","type-post","status-publish","format-standard","has-post-thumbnail","hentry","category-brasil","category-destaques","category-noticias2","tag-brasil","tag-condenacao","tag-ex-pastores","tag-igreja-universal-do-reino-de-deus","tag-justica"],"aioseo_notices":[],"_links":{"self":[{"href":"https:\/\/www.portalalerta.com.br\/index.php\/wp-json\/wp\/v2\/posts\/17594","targetHints":{"allow":["GET"]}}],"collection":[{"href":"https:\/\/www.portalalerta.com.br\/index.php\/wp-json\/wp\/v2\/posts"}],"about":[{"href":"https:\/\/www.portalalerta.com.br\/index.php\/wp-json\/wp\/v2\/types\/post"}],"author":[{"embeddable":true,"href":"https:\/\/www.portalalerta.com.br\/index.php\/wp-json\/wp\/v2\/users\/2"}],"replies":[{"embeddable":true,"href":"https:\/\/www.portalalerta.com.br\/index.php\/wp-json\/wp\/v2\/comments?post=17594"}],"version-history":[{"count":0,"href":"https:\/\/www.portalalerta.com.br\/index.php\/wp-json\/wp\/v2\/posts\/17594\/revisions"}],"wp:featuredmedia":[{"embeddable":true,"href":"https:\/\/www.portalalerta.com.br\/index.php\/wp-json\/wp\/v2\/media\/17595"}],"wp:attachment":[{"href":"https:\/\/www.portalalerta.com.br\/index.php\/wp-json\/wp\/v2\/media?parent=17594"}],"wp:term":[{"taxonomy":"category","embeddable":true,"href":"https:\/\/www.portalalerta.com.br\/index.php\/wp-json\/wp\/v2\/categories?post=17594"},{"taxonomy":"post_tag","embeddable":true,"href":"https:\/\/www.portalalerta.com.br\/index.php\/wp-json\/wp\/v2\/tags?post=17594"}],"curies":[{"name":"wp","href":"https:\/\/api.w.org\/{rel}","templated":true}]}}