{"id":17599,"date":"2019-06-11T18:53:44","date_gmt":"2019-06-11T21:53:44","guid":{"rendered":"http:\/\/www.portalalerta.com.br\/?p=17599"},"modified":"2019-06-11T18:55:17","modified_gmt":"2019-06-11T21:55:17","slug":"prefeitura-inicia-treinamento-para-guardas-civis-de-transito-em-ribeira-do-pombal-ba","status":"publish","type":"post","link":"https:\/\/www.portalalerta.com.br\/index.php\/2019\/06\/11\/prefeitura-inicia-treinamento-para-guardas-civis-de-transito-em-ribeira-do-pombal-ba\/","title":{"rendered":"Prefeitura inicia treinamento para Guardas Civis de Tr\u00e2nsito, em Ribeira do Pombal-BA"},"content":{"rendered":"<p style=\"text-align: justify;\">A Secretaria Municipal de Transporte e Mobilidade Urbana iniciou nesta segunda-feira, 10, mais uma importante etapa para o tr\u00e2nsito de Ribeira do Pombal-BA com a Capacita\u00e7\u00e3o dos Guardas Civis Municipais para atuarem nas vias de trafego do munic\u00edpio. O curso consta, entre outros temas, de atualiza\u00e7\u00f5es importantes em temas como Resolu\u00e7\u00f5es do Contran, C\u00f3digo de Tr\u00e2nsito Brasileiro e Portarias do Denatran e est\u00e1 sendo ministrado pelos Instituto de Estudos, Pesquisas e Desenvolvimento Municipal (IEPDM), com instrutores especialistas em gest\u00e3o no tr\u00e2nsito, seguran\u00e7a, primeiros socorros e resgate.<!--more--><\/p>\n<p style=\"text-align: justify;\"><img fetchpriority=\"high\" decoding=\"async\" class=\"size-thumbnail wp-image-4869 aligncenter\" src=\"http:\/\/www.portalalerta.com.br\/wp-content\/uploads\/2018\/02\/Auto-Escola-Nobre-720x181.jpg\" alt=\"\" width=\"720\" height=\"181\" srcset=\"https:\/\/www.portalalerta.com.br\/wp-content\/uploads\/2018\/02\/Auto-Escola-Nobre.jpg 720w, https:\/\/www.portalalerta.com.br\/wp-content\/uploads\/2018\/02\/Auto-Escola-Nobre-260x65.jpg 260w, https:\/\/www.portalalerta.com.br\/wp-content\/uploads\/2018\/02\/Auto-Escola-Nobre-50x13.jpg 50w, https:\/\/www.portalalerta.com.br\/wp-content\/uploads\/2018\/02\/Auto-Escola-Nobre-150x38.jpg 150w\" sizes=\"(max-width: 720px) 100vw, 720px\" \/>Na opini\u00e3o do secret\u00e1rio Diego Viana, \u201cter a oportunidade de contar com esses especialistas nesse treinamento \u00e9 um privil\u00e9gio, pois trata-se de profissionais de grande notoriedade na \u00e1rea\u201d. A carga hor\u00e1ria da capacita\u00e7\u00e3o \u00e9 de quarenta horas e o grupo foi organizado em turmas de 24 agentes que, t\u00e3o logo estejam preparados, j\u00e1 devem iniciar o trabalho nas avenidas pombalenses no mais breve espa\u00e7o de tempo.<\/p>\n<p style=\"text-align: justify;\"><em><img decoding=\"async\" class=\"aligncenter wp-image-17600 size-full\" src=\"http:\/\/www.portalalerta.com.br\/wp-content\/uploads\/2019\/06\/curso-GCMT-em-Ribeira-do-Pombal-2019.1.jpg\" alt=\"\" width=\"500\" height=\"300\" srcset=\"https:\/\/www.portalalerta.com.br\/wp-content\/uploads\/2019\/06\/curso-GCMT-em-Ribeira-do-Pombal-2019.1.jpg 500w, https:\/\/www.portalalerta.com.br\/wp-content\/uploads\/2019\/06\/curso-GCMT-em-Ribeira-do-Pombal-2019.1-400x240.jpg 400w, https:\/\/www.portalalerta.com.br\/wp-content\/uploads\/2019\/06\/curso-GCMT-em-Ribeira-do-Pombal-2019.1-243x146.jpg 243w, https:\/\/www.portalalerta.com.br\/wp-content\/uploads\/2019\/06\/curso-GCMT-em-Ribeira-do-Pombal-2019.1-50x30.jpg 50w, https:\/\/www.portalalerta.com.br\/wp-content\/uploads\/2019\/06\/curso-GCMT-em-Ribeira-do-Pombal-2019.1-125x75.jpg 125w, https:\/\/www.portalalerta.com.br\/wp-content\/uploads\/2019\/06\/curso-GCMT-em-Ribeira-do-Pombal-2019.1-250x150.jpg 250w\" sizes=\"(max-width: 500px) 100vw, 500px\" \/>Fonte: SECOM\/ Ribeira do Pombal<\/em><\/p>\n","protected":false},"excerpt":{"rendered":"<p>A Secretaria Municipal de Transporte e Mobilidade Urbana iniciou nesta segunda-feira, 10, mais uma importante etapa para o tr\u00e2nsito de Ribeira do Pombal-BA com a Capacita\u00e7\u00e3o dos Guardas Civis Municipais para atuarem nas vias de trafego do munic\u00edpio. O curso consta, entre outros temas, de atualiza\u00e7\u00f5es importantes em temas como Resolu\u00e7\u00f5es do Contran, C\u00f3digo de &hellip;<\/p>\n","protected":false},"author":2,"featured_media":17601,"comment_status":"open","ping_status":"open","sticky":false,"template":"","format":"standard","meta":{"om_disable_all_campaigns":false,"_monsterinsights_skip_tracking":false,"_monsterinsights_sitenote_active":false,"_monsterinsights_sitenote_note":"","_monsterinsights_sitenote_category":0,"footnotes":""},"categories":[70,69,32,3,22],"tags":[2840,313,47,1106],"class_list":["post-17599","post","type-post","status-publish","format-standard","has-post-thumbnail","hentry","category-destaques","category-noticias2","category-regiao","category-ribeira-do-pombal","category-seguranca","tag-curso","tag-gcm","tag-ribeira-do-pombal","tag-transito"],"aioseo_notices":[],"_links":{"self":[{"href":"https:\/\/www.portalalerta.com.br\/index.php\/wp-json\/wp\/v2\/posts\/17599","targetHints":{"allow":["GET"]}}],"collection":[{"href":"https:\/\/www.portalalerta.com.br\/index.php\/wp-json\/wp\/v2\/posts"}],"about":[{"href":"https:\/\/www.portalalerta.com.br\/index.php\/wp-json\/wp\/v2\/types\/post"}],"author":[{"embeddable":true,"href":"https:\/\/www.portalalerta.com.br\/index.php\/wp-json\/wp\/v2\/users\/2"}],"replies":[{"embeddable":true,"href":"https:\/\/www.portalalerta.com.br\/index.php\/wp-json\/wp\/v2\/comments?post=17599"}],"version-history":[{"count":0,"href":"https:\/\/www.portalalerta.com.br\/index.php\/wp-json\/wp\/v2\/posts\/17599\/revisions"}],"wp:featuredmedia":[{"embeddable":true,"href":"https:\/\/www.portalalerta.com.br\/index.php\/wp-json\/wp\/v2\/media\/17601"}],"wp:attachment":[{"href":"https:\/\/www.portalalerta.com.br\/index.php\/wp-json\/wp\/v2\/media?parent=17599"}],"wp:term":[{"taxonomy":"category","embeddable":true,"href":"https:\/\/www.portalalerta.com.br\/index.php\/wp-json\/wp\/v2\/categories?post=17599"},{"taxonomy":"post_tag","embeddable":true,"href":"https:\/\/www.portalalerta.com.br\/index.php\/wp-json\/wp\/v2\/tags?post=17599"}],"curies":[{"name":"wp","href":"https:\/\/api.w.org\/{rel}","templated":true}]}}