{"id":17627,"date":"2019-06-12T10:01:40","date_gmt":"2019-06-12T13:01:40","guid":{"rendered":"http:\/\/www.portalalerta.com.br\/?p=17627"},"modified":"2019-06-12T10:01:40","modified_gmt":"2019-06-12T13:01:40","slug":"suspeito-de-trafico-de-drogas-e-preso-em-jeremoabo-apos-destruir-monumento-de-praca-publica","status":"publish","type":"post","link":"https:\/\/www.portalalerta.com.br\/index.php\/2019\/06\/12\/suspeito-de-trafico-de-drogas-e-preso-em-jeremoabo-apos-destruir-monumento-de-praca-publica\/","title":{"rendered":"Suspeito de tr\u00e1fico de drogas \u00e9 preso em Jeremoabo ap\u00f3s destruir monumento de pra\u00e7a p\u00fablica"},"content":{"rendered":"<p style=\"text-align: justify;\">Um jovem identificado como Deivison Santana dos Santos, de idade n\u00e3o informada, foi preso no \u00faltimo domingo (09), em Jeremoabo-BA ap\u00f3s destruir um monumento de uma pra\u00e7a p\u00fablica. O caso s\u00f3 foi divulgado pela Assessoria de Comunica\u00e7\u00e3o da Pol\u00edcia Civil na manh\u00e3 de ter\u00e7a-feira (11).<!--more--><\/p>\n<p style=\"text-align: justify;\"><img fetchpriority=\"high\" decoding=\"async\" class=\"size-full wp-image-2867 aligncenter\" src=\"http:\/\/www.portalalerta.com.br\/wp-content\/uploads\/2017\/11\/protege-1.jpg\" alt=\"\" width=\"600\" height=\"140\" \/>Deivison, conhecido como \u201cTufu\u201d, foi conduzido \u00e0 Delegacia Territorial do referido munic\u00edpio por integrantes da Guarda Municipal ap\u00f3s a pr\u00e1tica do ato de vandalismo.<\/p>\n<p style=\"text-align: justify;\">Ao chegar na unidade policial, foi descoberto que contra ele j\u00e1 existia um inqu\u00e9rito e um mandado de pris\u00e3o preventiva, ambos derivados da pr\u00e1tica do tr\u00e1fico de drogas. Com a pris\u00e3o de Deivison, ele j\u00e1 se encontra \u00e0 disposi\u00e7\u00e3o da Justi\u00e7a e deve ser direcionado ao complexo prisional de Paulo Afonso.<\/p>\n<p style=\"text-align: justify;\"><em>Fonte: Sert\u00e3o em Pauta<\/em><\/p>\n","protected":false},"excerpt":{"rendered":"<p>Um jovem identificado como Deivison Santana dos Santos, de idade n\u00e3o informada, foi preso no \u00faltimo domingo (09), em Jeremoabo-BA ap\u00f3s destruir um monumento de uma pra\u00e7a p\u00fablica. O caso s\u00f3 foi divulgado pela Assessoria de Comunica\u00e7\u00e3o da Pol\u00edcia Civil na manh\u00e3 de ter\u00e7a-feira (11).<\/p>\n","protected":false},"author":2,"featured_media":17628,"comment_status":"open","ping_status":"open","sticky":false,"template":"","format":"standard","meta":{"om_disable_all_campaigns":false,"_monsterinsights_skip_tracking":false,"_monsterinsights_sitenote_active":false,"_monsterinsights_sitenote_note":"","_monsterinsights_sitenote_category":0,"footnotes":""},"categories":[70,9,69,32,22],"tags":[313,230,488,77,76,171],"class_list":["post-17627","post","type-post","status-publish","format-standard","has-post-thumbnail","hentry","category-destaques","category-jeremoabo","category-noticias2","category-regiao","category-seguranca","tag-gcm","tag-jeremoabo","tag-mandado-de-prisao","tag-preso","tag-trafico-de-drogas","tag-vandalismo"],"aioseo_notices":[],"_links":{"self":[{"href":"https:\/\/www.portalalerta.com.br\/index.php\/wp-json\/wp\/v2\/posts\/17627","targetHints":{"allow":["GET"]}}],"collection":[{"href":"https:\/\/www.portalalerta.com.br\/index.php\/wp-json\/wp\/v2\/posts"}],"about":[{"href":"https:\/\/www.portalalerta.com.br\/index.php\/wp-json\/wp\/v2\/types\/post"}],"author":[{"embeddable":true,"href":"https:\/\/www.portalalerta.com.br\/index.php\/wp-json\/wp\/v2\/users\/2"}],"replies":[{"embeddable":true,"href":"https:\/\/www.portalalerta.com.br\/index.php\/wp-json\/wp\/v2\/comments?post=17627"}],"version-history":[{"count":0,"href":"https:\/\/www.portalalerta.com.br\/index.php\/wp-json\/wp\/v2\/posts\/17627\/revisions"}],"wp:featuredmedia":[{"embeddable":true,"href":"https:\/\/www.portalalerta.com.br\/index.php\/wp-json\/wp\/v2\/media\/17628"}],"wp:attachment":[{"href":"https:\/\/www.portalalerta.com.br\/index.php\/wp-json\/wp\/v2\/media?parent=17627"}],"wp:term":[{"taxonomy":"category","embeddable":true,"href":"https:\/\/www.portalalerta.com.br\/index.php\/wp-json\/wp\/v2\/categories?post=17627"},{"taxonomy":"post_tag","embeddable":true,"href":"https:\/\/www.portalalerta.com.br\/index.php\/wp-json\/wp\/v2\/tags?post=17627"}],"curies":[{"name":"wp","href":"https:\/\/api.w.org\/{rel}","templated":true}]}}