{"id":17630,"date":"2019-06-12T10:07:24","date_gmt":"2019-06-12T13:07:24","guid":{"rendered":"http:\/\/www.portalalerta.com.br\/?p=17630"},"modified":"2019-06-12T10:07:24","modified_gmt":"2019-06-12T13:07:24","slug":"elevador-despenca-com-cinco-pessoas-em-edificio-em-salvador-ba","status":"publish","type":"post","link":"https:\/\/www.portalalerta.com.br\/index.php\/2019\/06\/12\/elevador-despenca-com-cinco-pessoas-em-edificio-em-salvador-ba\/","title":{"rendered":"Elevador despenca com cinco pessoas em edif\u00edcio em Salvador-BA"},"content":{"rendered":"<p style=\"text-align: justify;\">Um elevador com pelo menos cinco pessoas despencou do sexto andar, no\u00a0Edif\u00edcio Prado Empresarial, na Rua Met\u00f3dio Coelho, no Candeal, em Salvador-BA, por volta das 16h40, desta ter\u00e7a-feira (11).<!--more--><\/p>\n<p style=\"text-align: justify;\"><img fetchpriority=\"high\" decoding=\"async\" class=\"size-thumbnail wp-image-17617 aligncenter\" src=\"http:\/\/www.portalalerta.com.br\/wp-content\/uploads\/2019\/06\/Real-S\u00e3o-Jo\u00e3o-2019-1-631x240.jpg\" alt=\"\" width=\"631\" height=\"240\" srcset=\"https:\/\/www.portalalerta.com.br\/wp-content\/uploads\/2019\/06\/Real-S\u00e3o-Jo\u00e3o-2019-1-631x240.jpg 631w, https:\/\/www.portalalerta.com.br\/wp-content\/uploads\/2019\/06\/Real-S\u00e3o-Jo\u00e3o-2019-1-260x99.jpg 260w, https:\/\/www.portalalerta.com.br\/wp-content\/uploads\/2019\/06\/Real-S\u00e3o-Jo\u00e3o-2019-1-50x19.jpg 50w, https:\/\/www.portalalerta.com.br\/wp-content\/uploads\/2019\/06\/Real-S\u00e3o-Jo\u00e3o-2019-1-150x57.jpg 150w, https:\/\/www.portalalerta.com.br\/wp-content\/uploads\/2019\/06\/Real-S\u00e3o-Jo\u00e3o-2019-1.jpg 720w\" sizes=\"(max-width: 631px) 100vw, 631px\" \/>As informa\u00e7\u00f5es foram confirmadas pelo Centro Integrado de Comunica\u00e7\u00e3o (Cicom) da Secretaria da Seguran\u00e7a P\u00fablica da Bahia (SSP-BA) e\u00a0Servi\u00e7o de Atendimento M\u00f3vel de Urg\u00eancia (Samu).<\/p>\n<p style=\"text-align: justify;\">Unidades do Corpo de Bombeiros e Samu\u00a0foram encaminhadas para o local. As v\u00edtimas foram encaminhadas para unidades de sa\u00fade da capital baiana Salvar e Samu.\u00a0O estado de sa\u00fade das v\u00edtimas \u00e9 desconhecido.<\/p>\n<p style=\"text-align: justify;\"><em>Fonte: Metro1<\/em><\/p>\n","protected":false},"excerpt":{"rendered":"<p>Um elevador com pelo menos cinco pessoas despencou do sexto andar, no\u00a0Edif\u00edcio Prado Empresarial, na Rua Met\u00f3dio Coelho, no Candeal, em Salvador-BA, por volta das 16h40, desta ter\u00e7a-feira (11).<\/p>\n","protected":false},"author":2,"featured_media":17631,"comment_status":"open","ping_status":"open","sticky":false,"template":"","format":"standard","meta":{"om_disable_all_campaigns":false,"_monsterinsights_skip_tracking":false,"_monsterinsights_sitenote_active":false,"_monsterinsights_sitenote_note":"","_monsterinsights_sitenote_category":0,"footnotes":""},"categories":[33,70,69],"tags":[166,54,2033,393,330],"class_list":["post-17630","post","type-post","status-publish","format-standard","has-post-thumbnail","hentry","category-bahia","category-destaques","category-noticias2","tag-acidente","tag-bahia","tag-elevador","tag-feridos","tag-salvador"],"aioseo_notices":[],"_links":{"self":[{"href":"https:\/\/www.portalalerta.com.br\/index.php\/wp-json\/wp\/v2\/posts\/17630","targetHints":{"allow":["GET"]}}],"collection":[{"href":"https:\/\/www.portalalerta.com.br\/index.php\/wp-json\/wp\/v2\/posts"}],"about":[{"href":"https:\/\/www.portalalerta.com.br\/index.php\/wp-json\/wp\/v2\/types\/post"}],"author":[{"embeddable":true,"href":"https:\/\/www.portalalerta.com.br\/index.php\/wp-json\/wp\/v2\/users\/2"}],"replies":[{"embeddable":true,"href":"https:\/\/www.portalalerta.com.br\/index.php\/wp-json\/wp\/v2\/comments?post=17630"}],"version-history":[{"count":0,"href":"https:\/\/www.portalalerta.com.br\/index.php\/wp-json\/wp\/v2\/posts\/17630\/revisions"}],"wp:featuredmedia":[{"embeddable":true,"href":"https:\/\/www.portalalerta.com.br\/index.php\/wp-json\/wp\/v2\/media\/17631"}],"wp:attachment":[{"href":"https:\/\/www.portalalerta.com.br\/index.php\/wp-json\/wp\/v2\/media?parent=17630"}],"wp:term":[{"taxonomy":"category","embeddable":true,"href":"https:\/\/www.portalalerta.com.br\/index.php\/wp-json\/wp\/v2\/categories?post=17630"},{"taxonomy":"post_tag","embeddable":true,"href":"https:\/\/www.portalalerta.com.br\/index.php\/wp-json\/wp\/v2\/tags?post=17630"}],"curies":[{"name":"wp","href":"https:\/\/api.w.org\/{rel}","templated":true}]}}