{"id":17633,"date":"2019-06-12T10:15:51","date_gmt":"2019-06-12T13:15:51","guid":{"rendered":"http:\/\/www.portalalerta.com.br\/?p=17633"},"modified":"2019-06-12T10:15:51","modified_gmt":"2019-06-12T13:15:51","slug":"ricardo-maia-entrega-e-anuncia-mais-investimentos-durante-agenda-positiva-em-ribeira-do-pombal-ba","status":"publish","type":"post","link":"https:\/\/www.portalalerta.com.br\/index.php\/2019\/06\/12\/ricardo-maia-entrega-e-anuncia-mais-investimentos-durante-agenda-positiva-em-ribeira-do-pombal-ba\/","title":{"rendered":"Ricardo Maia entrega e anuncia mais investimentos durante Agenda Positiva em Ribeira do Pombal-BA"},"content":{"rendered":"<p style=\"text-align: justify;\">Na ter\u00e7a-feira, 11, o Prefeito de Ribeira do Pombal-BA, Ricardo Maia, esteve \u00e0 frente de mais uma jornada de realiza\u00e7\u00e3o da administra\u00e7\u00e3o municipal, atrav\u00e9s da Agenda Positiva que \u00e9 um conjunto de obras e lan\u00e7amentos de outras, entregues \u00e0 popula\u00e7\u00e3o ao mesmo tempo.<!--more--><\/p>\n<p style=\"text-align: justify;\"><img fetchpriority=\"high\" decoding=\"async\" class=\"size-full wp-image-2902 alignleft\" src=\"http:\/\/www.portalalerta.com.br\/wp-content\/uploads\/2017\/11\/elab-2.jpg\" alt=\"\" width=\"310\" height=\"200\" srcset=\"https:\/\/www.portalalerta.com.br\/wp-content\/uploads\/2017\/11\/elab-2.jpg 310w, https:\/\/www.portalalerta.com.br\/wp-content\/uploads\/2017\/11\/elab-2-226x146.jpg 226w, https:\/\/www.portalalerta.com.br\/wp-content\/uploads\/2017\/11\/elab-2-50x32.jpg 50w, https:\/\/www.portalalerta.com.br\/wp-content\/uploads\/2017\/11\/elab-2-116x75.jpg 116w\" sizes=\"(max-width: 310px) 100vw, 310px\" \/>Nessa edi\u00e7\u00e3o da Agenda foi entregue uma reforma do Programa Morar Melhor e autorizada mais seis, destinadas a atender fam\u00edlias que recentemente foram atingidas pelas \u00e1guas da chuvas; dois carrinhos para venda de merenda, atrav\u00e9s do programa Mais Renda, entrega de uniformes aos novos agentes da Guarda Civil Municipal, que devem atuar no tr\u00e2nsito local e aos agentes de limpeza; e autoriza\u00e7\u00e3o para constru\u00e7\u00e3o de quarenta e um banheiros em resid\u00eancias na comunidade de Espinheiro, no interior do munic\u00edpio, o que significa investimento superior a 500 mil reais.<\/p>\n<p style=\"text-align: justify;\">Em tempos de crise financeira, como passa o pa\u00eds nesse momento, esse tipo de a\u00e7\u00e3o do governo municipal, que inclusive tem acontecido com periodicidade, \u00e9 um privil\u00e9gio da popula\u00e7\u00e3o de Ribeira do Pombal, e tem garantido ao gestor admira\u00e7\u00e3o e grande apoio entre a popula\u00e7\u00e3o. Por\u00e9m Maia afirma que o sucesso n\u00e3o \u00e9 individual, mas do grupo que lhe segue; \u201c[&#8230;] tudo isso \u00e9 resultado do trabalho desse grupo pol\u00edtico que tem como objetivo objetivamente cuidar do povo de Ribeira do Pombal\u201d, afirma o prefeito.<\/p>\n<figure id=\"attachment_17634\" aria-describedby=\"caption-attachment-17634\" style=\"width: 720px\" class=\"wp-caption aligncenter\"><img decoding=\"async\" class=\"wp-image-17634 size-full\" src=\"http:\/\/www.portalalerta.com.br\/wp-content\/uploads\/2019\/06\/Agenda-Positiva-2019.1.jpeg\" alt=\"\" width=\"720\" height=\"480\" srcset=\"https:\/\/www.portalalerta.com.br\/wp-content\/uploads\/2019\/06\/Agenda-Positiva-2019.1.jpeg 720w, https:\/\/www.portalalerta.com.br\/wp-content\/uploads\/2019\/06\/Agenda-Positiva-2019.1-360x240.jpeg 360w, https:\/\/www.portalalerta.com.br\/wp-content\/uploads\/2019\/06\/Agenda-Positiva-2019.1-219x146.jpeg 219w, https:\/\/www.portalalerta.com.br\/wp-content\/uploads\/2019\/06\/Agenda-Positiva-2019.1-50x33.jpeg 50w, https:\/\/www.portalalerta.com.br\/wp-content\/uploads\/2019\/06\/Agenda-Positiva-2019.1-113x75.jpeg 113w\" sizes=\"(max-width: 720px) 100vw, 720px\" \/><figcaption id=\"caption-attachment-17634\" class=\"wp-caption-text\">Entrega de resid\u00eancia reformada pelo &#8220;Morar Melhor&#8221;<\/figcaption><\/figure>\n<figure id=\"attachment_17635\" aria-describedby=\"caption-attachment-17635\" style=\"width: 720px\" class=\"wp-caption aligncenter\"><img decoding=\"async\" class=\"wp-image-17635 size-full\" src=\"http:\/\/www.portalalerta.com.br\/wp-content\/uploads\/2019\/06\/Agenda-Positiva-2019.2.jpeg\" alt=\"\" width=\"720\" height=\"480\" srcset=\"https:\/\/www.portalalerta.com.br\/wp-content\/uploads\/2019\/06\/Agenda-Positiva-2019.2.jpeg 720w, https:\/\/www.portalalerta.com.br\/wp-content\/uploads\/2019\/06\/Agenda-Positiva-2019.2-360x240.jpeg 360w, https:\/\/www.portalalerta.com.br\/wp-content\/uploads\/2019\/06\/Agenda-Positiva-2019.2-219x146.jpeg 219w, https:\/\/www.portalalerta.com.br\/wp-content\/uploads\/2019\/06\/Agenda-Positiva-2019.2-50x33.jpeg 50w, https:\/\/www.portalalerta.com.br\/wp-content\/uploads\/2019\/06\/Agenda-Positiva-2019.2-113x75.jpeg 113w\" sizes=\"(max-width: 720px) 100vw, 720px\" \/><figcaption id=\"caption-attachment-17635\" class=\"wp-caption-text\">Entrega de carrinho do Programa &#8220;Mais Renda&#8221;<\/figcaption><\/figure>\n<figure id=\"attachment_17636\" aria-describedby=\"caption-attachment-17636\" style=\"width: 720px\" class=\"wp-caption aligncenter\"><img loading=\"lazy\" decoding=\"async\" class=\"wp-image-17636 size-full\" src=\"http:\/\/www.portalalerta.com.br\/wp-content\/uploads\/2019\/06\/Agenda-Positiva-2019.3.jpeg\" alt=\"\" width=\"720\" height=\"462\" srcset=\"https:\/\/www.portalalerta.com.br\/wp-content\/uploads\/2019\/06\/Agenda-Positiva-2019.3.jpeg 720w, https:\/\/www.portalalerta.com.br\/wp-content\/uploads\/2019\/06\/Agenda-Positiva-2019.3-374x240.jpeg 374w, https:\/\/www.portalalerta.com.br\/wp-content\/uploads\/2019\/06\/Agenda-Positiva-2019.3-228x146.jpeg 228w, https:\/\/www.portalalerta.com.br\/wp-content\/uploads\/2019\/06\/Agenda-Positiva-2019.3-50x32.jpeg 50w, https:\/\/www.portalalerta.com.br\/wp-content\/uploads\/2019\/06\/Agenda-Positiva-2019.3-117x75.jpeg 117w\" sizes=\"(max-width: 720px) 100vw, 720px\" \/><figcaption id=\"caption-attachment-17636\" class=\"wp-caption-text\">Entrega do Fardamento para a Guarda Civil Municipal<\/figcaption><\/figure>\n<p style=\"text-align: justify;\"><em>Fonte: SECOM\/ Ribeira do Pombal<\/em><\/p>\n","protected":false},"excerpt":{"rendered":"<p>Na ter\u00e7a-feira, 11, o Prefeito de Ribeira do Pombal-BA, Ricardo Maia, esteve \u00e0 frente de mais uma jornada de realiza\u00e7\u00e3o da administra\u00e7\u00e3o municipal, atrav\u00e9s da Agenda Positiva que \u00e9 um conjunto de obras e lan\u00e7amentos de outras, entregues \u00e0 popula\u00e7\u00e3o ao mesmo tempo.<\/p>\n","protected":false},"author":2,"featured_media":17637,"comment_status":"open","ping_status":"open","sticky":false,"template":"","format":"standard","meta":{"om_disable_all_campaigns":false,"_monsterinsights_skip_tracking":false,"_monsterinsights_sitenote_active":false,"_monsterinsights_sitenote_note":"","_monsterinsights_sitenote_category":0,"footnotes":""},"categories":[70,69,21,32,3],"tags":[1501,313,802,198,47,146],"class_list":["post-17633","post","type-post","status-publish","format-standard","has-post-thumbnail","hentry","category-destaques","category-noticias2","category-politica","category-regiao","category-ribeira-do-pombal","tag-agenda-positiva","tag-gcm","tag-morar-melhor","tag-prefeito","tag-ribeira-do-pombal","tag-ricardo-maia"],"aioseo_notices":[],"_links":{"self":[{"href":"https:\/\/www.portalalerta.com.br\/index.php\/wp-json\/wp\/v2\/posts\/17633","targetHints":{"allow":["GET"]}}],"collection":[{"href":"https:\/\/www.portalalerta.com.br\/index.php\/wp-json\/wp\/v2\/posts"}],"about":[{"href":"https:\/\/www.portalalerta.com.br\/index.php\/wp-json\/wp\/v2\/types\/post"}],"author":[{"embeddable":true,"href":"https:\/\/www.portalalerta.com.br\/index.php\/wp-json\/wp\/v2\/users\/2"}],"replies":[{"embeddable":true,"href":"https:\/\/www.portalalerta.com.br\/index.php\/wp-json\/wp\/v2\/comments?post=17633"}],"version-history":[{"count":0,"href":"https:\/\/www.portalalerta.com.br\/index.php\/wp-json\/wp\/v2\/posts\/17633\/revisions"}],"wp:featuredmedia":[{"embeddable":true,"href":"https:\/\/www.portalalerta.com.br\/index.php\/wp-json\/wp\/v2\/media\/17637"}],"wp:attachment":[{"href":"https:\/\/www.portalalerta.com.br\/index.php\/wp-json\/wp\/v2\/media?parent=17633"}],"wp:term":[{"taxonomy":"category","embeddable":true,"href":"https:\/\/www.portalalerta.com.br\/index.php\/wp-json\/wp\/v2\/categories?post=17633"},{"taxonomy":"post_tag","embeddable":true,"href":"https:\/\/www.portalalerta.com.br\/index.php\/wp-json\/wp\/v2\/tags?post=17633"}],"curies":[{"name":"wp","href":"https:\/\/api.w.org\/{rel}","templated":true}]}}