{"id":17639,"date":"2019-06-12T10:20:08","date_gmt":"2019-06-12T13:20:08","guid":{"rendered":"http:\/\/www.portalalerta.com.br\/?p=17639"},"modified":"2019-06-12T10:20:08","modified_gmt":"2019-06-12T13:20:08","slug":"lewandowski-vota-por-suspensao-da-pena-de-lula-caso-vai-ao-plenario-do-stf","status":"publish","type":"post","link":"https:\/\/www.portalalerta.com.br\/index.php\/2019\/06\/12\/lewandowski-vota-por-suspensao-da-pena-de-lula-caso-vai-ao-plenario-do-stf\/","title":{"rendered":"Lewandowski vota por suspens\u00e3o da pena de Lula; caso vai ao plen\u00e1rio do STF"},"content":{"rendered":"<p style=\"text-align: justify;\">O ministro Ricardo Lewandowski, do Supremo Tribunal Federal (STF), aceitou um pedido de habeas corpus feito pela defesa do ex-presidente Luiz In\u00e1cio Lula da Silva e votou por decretar\u00a0a nulidade de todas as penas aplicadas pelo Tribunal Regional Federal da 4\u00aa Regi\u00e3o. No entendimento dele, casos como o de Lula e de outros condenados pela corte federal deveriam ser revistos.<!--more--><\/p>\n<p style=\"text-align: justify;\"><img fetchpriority=\"high\" decoding=\"async\" class=\"size-thumbnail wp-image-4869 aligncenter\" src=\"http:\/\/www.portalalerta.com.br\/wp-content\/uploads\/2018\/02\/Auto-Escola-Nobre-720x181.jpg\" alt=\"\" width=\"720\" height=\"181\" srcset=\"https:\/\/www.portalalerta.com.br\/wp-content\/uploads\/2018\/02\/Auto-Escola-Nobre.jpg 720w, https:\/\/www.portalalerta.com.br\/wp-content\/uploads\/2018\/02\/Auto-Escola-Nobre-260x65.jpg 260w, https:\/\/www.portalalerta.com.br\/wp-content\/uploads\/2018\/02\/Auto-Escola-Nobre-50x13.jpg 50w, https:\/\/www.portalalerta.com.br\/wp-content\/uploads\/2018\/02\/Auto-Escola-Nobre-150x38.jpg 150w\" sizes=\"(max-width: 720px) 100vw, 720px\" \/>Segundo o ministro, ele considerou ilegal uma s\u00famula do TRF-4 que determina a pris\u00e3o de condenados em segunda inst\u00e2ncia de forma autom\u00e1tica. Na sequ\u00eancia, ministros da Segunda Turma do STF entendem que assunto deve ir a plen\u00e1rio. Com isso, o caso n\u00e3o tem prazo para ser encerrado.<\/p>\n<p style=\"text-align: justify;\"><em>Fonte: Metro1<\/em><\/p>\n","protected":false},"excerpt":{"rendered":"<p>O ministro Ricardo Lewandowski, do Supremo Tribunal Federal (STF), aceitou um pedido de habeas corpus feito pela defesa do ex-presidente Luiz In\u00e1cio Lula da Silva e votou por decretar\u00a0a nulidade de todas as penas aplicadas pelo Tribunal Regional Federal da 4\u00aa Regi\u00e3o. No entendimento dele, casos como o de Lula e de outros condenados pela &hellip;<\/p>\n","protected":false},"author":2,"featured_media":4184,"comment_status":"open","ping_status":"open","sticky":false,"template":"","format":"standard","meta":{"om_disable_all_campaigns":false,"_monsterinsights_skip_tracking":false,"_monsterinsights_sitenote_active":false,"_monsterinsights_sitenote_note":"","_monsterinsights_sitenote_category":0,"footnotes":""},"categories":[34,70,69,21],"tags":[93,218,303,77,2843,216,484],"class_list":["post-17639","post","type-post","status-publish","format-standard","has-post-thumbnail","hentry","category-brasil","category-destaques","category-noticias2","category-politica","tag-brasil","tag-liberdade","tag-lula","tag-preso","tag-ricardo-lewandowski","tag-stf","tag-trf"],"aioseo_notices":[],"_links":{"self":[{"href":"https:\/\/www.portalalerta.com.br\/index.php\/wp-json\/wp\/v2\/posts\/17639","targetHints":{"allow":["GET"]}}],"collection":[{"href":"https:\/\/www.portalalerta.com.br\/index.php\/wp-json\/wp\/v2\/posts"}],"about":[{"href":"https:\/\/www.portalalerta.com.br\/index.php\/wp-json\/wp\/v2\/types\/post"}],"author":[{"embeddable":true,"href":"https:\/\/www.portalalerta.com.br\/index.php\/wp-json\/wp\/v2\/users\/2"}],"replies":[{"embeddable":true,"href":"https:\/\/www.portalalerta.com.br\/index.php\/wp-json\/wp\/v2\/comments?post=17639"}],"version-history":[{"count":0,"href":"https:\/\/www.portalalerta.com.br\/index.php\/wp-json\/wp\/v2\/posts\/17639\/revisions"}],"wp:featuredmedia":[{"embeddable":true,"href":"https:\/\/www.portalalerta.com.br\/index.php\/wp-json\/wp\/v2\/media\/4184"}],"wp:attachment":[{"href":"https:\/\/www.portalalerta.com.br\/index.php\/wp-json\/wp\/v2\/media?parent=17639"}],"wp:term":[{"taxonomy":"category","embeddable":true,"href":"https:\/\/www.portalalerta.com.br\/index.php\/wp-json\/wp\/v2\/categories?post=17639"},{"taxonomy":"post_tag","embeddable":true,"href":"https:\/\/www.portalalerta.com.br\/index.php\/wp-json\/wp\/v2\/tags?post=17639"}],"curies":[{"name":"wp","href":"https:\/\/api.w.org\/{rel}","templated":true}]}}