{"id":17686,"date":"2019-06-15T15:31:27","date_gmt":"2019-06-15T18:31:27","guid":{"rendered":"http:\/\/www.portalalerta.com.br\/?p=17686"},"modified":"2019-06-15T15:31:27","modified_gmt":"2019-06-15T18:31:27","slug":"todos-os-estados-do-pais-tem-manifestacoes-contra-a-reforma-da-previdencia","status":"publish","type":"post","link":"https:\/\/www.portalalerta.com.br\/index.php\/2019\/06\/15\/todos-os-estados-do-pais-tem-manifestacoes-contra-a-reforma-da-previdencia\/","title":{"rendered":"Todos os Estados do pa\u00eds t\u00eam manifesta\u00e7\u00f5es contra a reforma da Previd\u00eancia"},"content":{"rendered":"<p style=\"text-align: justify;\">Diversas cidades brasileiras registram nesta sexta-feira (14) manifesta\u00e7\u00f5es por mais recursos para a educa\u00e7\u00e3o e contra as mudan\u00e7as nas regras de aposentadoria. Convocada por centrais sindicais e outras entidades representativas de trabalhadores, a paralisa\u00e7\u00e3o afeta, principalmente, o sistema de transporte p\u00fablico das cidades. De acordo com as centrais sindicais, est\u00e3o previstos atos em mais de 300 cidades do pa\u00eds de 26 estados.<!--more--><\/p>\n<p style=\"text-align: justify;\"><strong>S\u00e3o Paulo<\/strong><\/p>\n<p style=\"text-align: justify;\">O Metr\u00f4 de S\u00e3o Paulo ficou parcialmente paralisado devido a ades\u00e3o dos trabalhadores \u00e0 greve contra a reforma da Previd\u00eancia. A Linha 1 \u2013 Azul, funcionava na manh\u00e3 desta sexta-feira (14) entre as esta\u00e7\u00f5es Luz e Sa\u00fade, deixando a zona norte da cidade descoberta pelo servi\u00e7o. A Linha 3 \u2013 Vermelha operava entre as esta\u00e7\u00f5es Marechal Deodoro e Tatuap\u00e9, deixando sem o transporte parte da zona leste e impedindo a interliga\u00e7\u00e3o dos \u00f4nibus e trens metropolitanos na Esta\u00e7\u00e3o Barra Funda. A Linha 2 \u2013 Verde manteve a maior cobertura, circulando entre as Cl\u00ednicas e o Alto do Ipiranga. O Monotrilho, Linha 15 Prata, foi completamente paralisado.<\/p>\n<p style=\"text-align: justify;\">O Metr\u00f4 afirmou, por nota, que caso o servi\u00e7o n\u00e3o seja mantido com um m\u00ednimo de 80% de opera\u00e7\u00e3o nos hor\u00e1rios de pico, conforme estipulado em liminar judicial, os empregados poder\u00e3o sofrer san\u00e7\u00f5es. \u201cOs trabalhadores ser\u00e3o penalizados caso a decis\u00e3o n\u00e3o seja respeitada. O movimento pol\u00edtico, contra a reforma da previd\u00eancia, prejudica milh\u00f5es de pessoas em S\u00e3o Paulo\u201d, enfatizou o comunicado.<\/p>\n<p style=\"text-align: justify;\">Parte do servi\u00e7o de \u00f4nibus intermunicipais que atende a regi\u00e3o metropolitana da capital tamb\u00e9m parou. De acordo com a Empresa Metropolitana de Transportes Urbanos de S\u00e3o Paulo (EMTU), a greve afetou as linhas que atendem os munic\u00edpios de Guarulhos, Aruj\u00e1 e Itaquaquecetuba, com a interrup\u00e7\u00e3o das atividades em sete empresas da regi\u00e3o.<\/p>\n<p style=\"text-align: justify;\">Os \u00f4nibus e a Companhia Paulista de Trens Metropolitanos (CPTM) funcionaram normalmente. Na quarta-feira (12), a Prefeitura de S\u00e3o Paulo havia obtido uma liminar na Justi\u00e7a para impedir a ades\u00e3o dos cobradores e motoristas \u00e0 greve. As linhas Lil\u00e1s e Amarela do Metr\u00f4, que s\u00e3o operadas por empresas privadas, tamb\u00e9m funcionaram normalmente.<\/p>\n<p style=\"text-align: justify;\">A cidade tamb\u00e9m enfrentou manifesta\u00e7\u00f5es em diversos pontos. Segundo a Companhia de Engenharia de Tr\u00e1fego (CET), os protestos interferiram na circula\u00e7\u00e3o das avenidas Jo\u00e3o Dias, na zona sul, na Francisco Matarazzo, na zona oeste, Dona Belmira Marin (zona sul), Santos Dummond (zona norte), Vinte e Tr\u00eas de Maio (centro) e no Elevado Costa e Silva, tamb\u00e9m no centro. Em alguns desses pontos foram feitas barricadas com pneus em chamas para impedir a passagem dos ve\u00edculos.<\/p>\n<p style=\"text-align: justify;\">Parte dos trabalhadores do sistema banc\u00e1rio tamb\u00e9m aderiu \u00e0 paralisa\u00e7\u00e3o. Com isso, ag\u00eancias em diversas partes da cidade amanheceram fechadas. O Sindicato dos Banc\u00e1rios de S\u00e3o Paulo, Osasco e Regi\u00e3o, afirma que a greve tamb\u00e9m atingiu centros administrativos do Banco do Brasil, Santander, Bradesco, Caixa Econ\u00f4mica e Ita\u00fa.<\/p>\n<p style=\"text-align: justify;\"><strong><img fetchpriority=\"high\" decoding=\"async\" class=\"size-full wp-image-2867 aligncenter\" src=\"http:\/\/www.portalalerta.com.br\/wp-content\/uploads\/2017\/11\/protege-1.jpg\" alt=\"\" width=\"600\" height=\"140\" \/>Rio de Janeiro<\/strong><\/p>\n<p style=\"text-align: justify;\">Duas rodovias foram ocupadas por manifestantes na capital fluminense. O principal protesto foi realizado pela manh\u00e3, na BR-101, na altura do munic\u00edpio de Campos. A rodovia\u00a0ficou totalmente fechada por quase tr\u00eas horas:\u00a0\u00a0das 5h \u00e0s 7h46. A BR-040, que liga a capital \u00e0 regi\u00e3o serrana) ficou parcialmente fechada, na altura do km 113, pr\u00f3ximo \u00e0 Refinaria Duque de Caxias (Reduc), em Duque de Caxias.<\/p>\n<p style=\"text-align: justify;\">Na capital, manifestantes fecharam parcialmente a Avenida Brasil, na altura do Caju, pr\u00f3ximo ao centro. A pol\u00edcia usou bombas de efeito moral para dispersar a multid\u00e3o. O tr\u00e2nsito foi liberado pouco antes das 8h, causando engarrafamento com reflexos na zona norte e em Niter\u00f3i. O trajeto pela ponte Rio-Niter\u00f3i, que normalmente \u00e9 feito em 20 minutos, chegou a mais de uma hora, no sentido Rio\u00a0de Janeiro. Foram registrados protestos tamb\u00e9m em Niter\u00f3i.<\/p>\n<p style=\"text-align: justify;\">Metr\u00f4, trens da Supervia e \u00f4nibus funcionam normalmente at\u00e9 o momento.<\/p>\n<p style=\"text-align: justify;\"><strong>Curitiba<\/strong><\/p>\n<p style=\"text-align: justify;\">Manifestantes contr\u00e1rios \u00e0 reforma da Previd\u00eancia bloquearam totalmente os dois sentidos do Contorno Sul de Curitiba, das 7h \u00e0s 9h.\u00a0Outro bloqueio ocorreu na BR-476, em Arauc\u00e1ria, nas imedia\u00e7\u00f5es da Petrobras. Os manifestantes interromperam o tr\u00e2nsito na rodovia por cerca de uma hora.<\/p>\n<p style=\"text-align: justify;\">Policiais rodovi\u00e1rios federais estiveram no dois locais para garantir a seguran\u00e7a dos motoristas.<\/p>\n<p style=\"text-align: justify;\"><strong>Bolsonaro comenta greve<\/strong><\/p>\n<p style=\"text-align: justify;\">Durante um caf\u00e9 da manh\u00e3 com jornalistas hoje, o presidente Jair Bolsonaro foi perguntado sobre a greve. O\u00a0presidente disse ver o movimento como algo natural. \u201c[Vejo] com muita naturalidade. Quando resolvi me candidatar, sabia que ia passar por isso\u201d, disse.<\/p>\n<p style=\"text-align: justify;\">Sobre reforma da Previd\u00eancia, alvo das paralisa\u00e7\u00f5es de\u00a0hoje, Bolsonaro voltou a defender a import\u00e2ncia das mudan\u00e7as nas regras da aposentadoria, sem as quais os empres\u00e1rios n\u00e3o\u00a0ter\u00e3o \u201cseguran\u00e7a para investir\u201d.<\/p>\n<p style=\"text-align: justify;\"><em>Fonte: Agencia Brasil<\/em><\/p>\n","protected":false},"excerpt":{"rendered":"<p>Diversas cidades brasileiras registram nesta sexta-feira (14) manifesta\u00e7\u00f5es por mais recursos para a educa\u00e7\u00e3o e contra as mudan\u00e7as nas regras de aposentadoria. Convocada por centrais sindicais e outras entidades representativas de trabalhadores, a paralisa\u00e7\u00e3o afeta, principalmente, o sistema de transporte p\u00fablico das cidades. De acordo com as centrais sindicais, est\u00e3o previstos atos em mais de &hellip;<\/p>\n","protected":false},"author":2,"featured_media":17687,"comment_status":"open","ping_status":"open","sticky":false,"template":"","format":"standard","meta":{"om_disable_all_campaigns":false,"_monsterinsights_skip_tracking":false,"_monsterinsights_sitenote_active":false,"_monsterinsights_sitenote_note":"","_monsterinsights_sitenote_category":0,"footnotes":""},"categories":[34,70,69,21],"tags":[93,349,475,584,188],"class_list":["post-17686","post","type-post","status-publish","format-standard","has-post-thumbnail","hentry","category-brasil","category-destaques","category-noticias2","category-politica","tag-brasil","tag-greve","tag-manifestacao","tag-paralisacao","tag-reforma-da-previdencia"],"aioseo_notices":[],"_links":{"self":[{"href":"https:\/\/www.portalalerta.com.br\/index.php\/wp-json\/wp\/v2\/posts\/17686","targetHints":{"allow":["GET"]}}],"collection":[{"href":"https:\/\/www.portalalerta.com.br\/index.php\/wp-json\/wp\/v2\/posts"}],"about":[{"href":"https:\/\/www.portalalerta.com.br\/index.php\/wp-json\/wp\/v2\/types\/post"}],"author":[{"embeddable":true,"href":"https:\/\/www.portalalerta.com.br\/index.php\/wp-json\/wp\/v2\/users\/2"}],"replies":[{"embeddable":true,"href":"https:\/\/www.portalalerta.com.br\/index.php\/wp-json\/wp\/v2\/comments?post=17686"}],"version-history":[{"count":0,"href":"https:\/\/www.portalalerta.com.br\/index.php\/wp-json\/wp\/v2\/posts\/17686\/revisions"}],"wp:featuredmedia":[{"embeddable":true,"href":"https:\/\/www.portalalerta.com.br\/index.php\/wp-json\/wp\/v2\/media\/17687"}],"wp:attachment":[{"href":"https:\/\/www.portalalerta.com.br\/index.php\/wp-json\/wp\/v2\/media?parent=17686"}],"wp:term":[{"taxonomy":"category","embeddable":true,"href":"https:\/\/www.portalalerta.com.br\/index.php\/wp-json\/wp\/v2\/categories?post=17686"},{"taxonomy":"post_tag","embeddable":true,"href":"https:\/\/www.portalalerta.com.br\/index.php\/wp-json\/wp\/v2\/tags?post=17686"}],"curies":[{"name":"wp","href":"https:\/\/api.w.org\/{rel}","templated":true}]}}