{"id":17689,"date":"2019-06-15T15:35:28","date_gmt":"2019-06-15T18:35:28","guid":{"rendered":"http:\/\/www.portalalerta.com.br\/?p=17689"},"modified":"2019-06-15T15:35:28","modified_gmt":"2019-06-15T18:35:28","slug":"cooperativa-divulga-lista-de-final-de-candidatos-aptos-a-vaga-de-emprego","status":"publish","type":"post","link":"https:\/\/www.portalalerta.com.br\/index.php\/2019\/06\/15\/cooperativa-divulga-lista-de-final-de-candidatos-aptos-a-vaga-de-emprego\/","title":{"rendered":"Cooperativa divulga lista de final de candidatos aptos \u00e0 vaga de emprego"},"content":{"rendered":"<p style=\"text-align: justify;\">Na \u00faltima sexta-feira, 14, a COOARP (Cooperativa dos Apicultores de Ribeira do Pombal), divulgou o resultado final das entrevistas realizados com candidatos para o Servi\u00e7o Especializado para Organiza\u00e7\u00e3o, acompanhamento, assessoria t\u00e9cnica e apoio \u00e0 gest\u00e3o de Alian\u00e7a Produtiva. Confira:<!--more--><\/p>\n<p style=\"text-align: justify;\"><img fetchpriority=\"high\" decoding=\"async\" class=\"size-thumbnail wp-image-17617 aligncenter\" src=\"http:\/\/www.portalalerta.com.br\/wp-content\/uploads\/2019\/06\/Real-S\u00e3o-Jo\u00e3o-2019-1-631x240.jpg\" alt=\"\" width=\"631\" height=\"240\" srcset=\"https:\/\/www.portalalerta.com.br\/wp-content\/uploads\/2019\/06\/Real-S\u00e3o-Jo\u00e3o-2019-1-631x240.jpg 631w, https:\/\/www.portalalerta.com.br\/wp-content\/uploads\/2019\/06\/Real-S\u00e3o-Jo\u00e3o-2019-1-260x99.jpg 260w, https:\/\/www.portalalerta.com.br\/wp-content\/uploads\/2019\/06\/Real-S\u00e3o-Jo\u00e3o-2019-1-50x19.jpg 50w, https:\/\/www.portalalerta.com.br\/wp-content\/uploads\/2019\/06\/Real-S\u00e3o-Jo\u00e3o-2019-1-150x57.jpg 150w, https:\/\/www.portalalerta.com.br\/wp-content\/uploads\/2019\/06\/Real-S\u00e3o-Jo\u00e3o-2019-1.jpg 720w\" sizes=\"(max-width: 631px) 100vw, 631px\" \/>A comiss\u00e3o permanente de sele\u00e7\u00e3o de pessoal classificou os candidatos de uma (01) vaga ofertada pelo edital 003\/2019 de sele\u00e7\u00e3o de Pessoal da COOARP no conv\u00eanio N\u00ba 565\/2018 \u2013 Alian\u00e7as Produtivas do Edital 10\/2018 da CAR.<\/p>\n<p style=\"text-align: justify;\"><strong>1\u00aa Colocada: Ingrid Santiago Oliveira<\/strong><\/p>\n<p style=\"text-align: justify;\"><strong>2\u00aa Colocada: Tamires Mineli Santos Souza<\/strong><\/p>\n<p style=\"text-align: justify;\"><strong>3\u00aa Colocada: Ant\u00f4nio Jos\u00e9 Miranda de Macedo<\/strong><\/p>\n<p style=\"text-align: justify;\">\u00a0<a href=\"http:\/\/www.facebook.com.br\/pombalalerta\"><strong>Curta nossa p\u00e1gina no facebook, e continue atualizado sobre tudo o que acontece em sua cidade!<\/strong><\/a><\/p>\n<p style=\"text-align: justify;\"><a href=\"https:\/\/play.google.com\/store\/apps\/details?id=com.globalstore.pombalalerta&amp;hl=pt_BR\"><strong>Baixe o nosso aplicativo, e fique de olho na not\u00edcia!<\/strong><\/a><\/p>\n<p style=\"text-align: justify;\"><em>Reda\u00e7\u00e3o: Portal Alerta<\/em><\/p>\n","protected":false},"excerpt":{"rendered":"<p>Na \u00faltima sexta-feira, 14, a COOARP (Cooperativa dos Apicultores de Ribeira do Pombal), divulgou o resultado final das entrevistas realizados com candidatos para o Servi\u00e7o Especializado para Organiza\u00e7\u00e3o, acompanhamento, assessoria t\u00e9cnica e apoio \u00e0 gest\u00e3o de Alian\u00e7a Produtiva. Confira:<\/p>\n","protected":false},"author":2,"featured_media":16844,"comment_status":"open","ping_status":"open","sticky":false,"template":"","format":"standard","meta":{"om_disable_all_campaigns":false,"_monsterinsights_skip_tracking":false,"_monsterinsights_sitenote_active":false,"_monsterinsights_sitenote_note":"","_monsterinsights_sitenote_category":0,"footnotes":""},"categories":[70,69,32,3],"tags":[2864,452,47],"class_list":["post-17689","post","type-post","status-publish","format-standard","has-post-thumbnail","hentry","category-destaques","category-noticias2","category-regiao","category-ribeira-do-pombal","tag-cooarp","tag-resultado","tag-ribeira-do-pombal"],"aioseo_notices":[],"_links":{"self":[{"href":"https:\/\/www.portalalerta.com.br\/index.php\/wp-json\/wp\/v2\/posts\/17689","targetHints":{"allow":["GET"]}}],"collection":[{"href":"https:\/\/www.portalalerta.com.br\/index.php\/wp-json\/wp\/v2\/posts"}],"about":[{"href":"https:\/\/www.portalalerta.com.br\/index.php\/wp-json\/wp\/v2\/types\/post"}],"author":[{"embeddable":true,"href":"https:\/\/www.portalalerta.com.br\/index.php\/wp-json\/wp\/v2\/users\/2"}],"replies":[{"embeddable":true,"href":"https:\/\/www.portalalerta.com.br\/index.php\/wp-json\/wp\/v2\/comments?post=17689"}],"version-history":[{"count":0,"href":"https:\/\/www.portalalerta.com.br\/index.php\/wp-json\/wp\/v2\/posts\/17689\/revisions"}],"wp:featuredmedia":[{"embeddable":true,"href":"https:\/\/www.portalalerta.com.br\/index.php\/wp-json\/wp\/v2\/media\/16844"}],"wp:attachment":[{"href":"https:\/\/www.portalalerta.com.br\/index.php\/wp-json\/wp\/v2\/media?parent=17689"}],"wp:term":[{"taxonomy":"category","embeddable":true,"href":"https:\/\/www.portalalerta.com.br\/index.php\/wp-json\/wp\/v2\/categories?post=17689"},{"taxonomy":"post_tag","embeddable":true,"href":"https:\/\/www.portalalerta.com.br\/index.php\/wp-json\/wp\/v2\/tags?post=17689"}],"curies":[{"name":"wp","href":"https:\/\/api.w.org\/{rel}","templated":true}]}}