{"id":17691,"date":"2019-06-15T15:42:22","date_gmt":"2019-06-15T18:42:22","guid":{"rendered":"http:\/\/www.portalalerta.com.br\/?p=17691"},"modified":"2019-06-15T15:42:22","modified_gmt":"2019-06-15T18:42:22","slug":"dialogos-mostram-moro-instruindo-procuradores-e-questionando-defesa-de-lula-showzinho","status":"publish","type":"post","link":"https:\/\/www.portalalerta.com.br\/index.php\/2019\/06\/15\/dialogos-mostram-moro-instruindo-procuradores-e-questionando-defesa-de-lula-showzinho\/","title":{"rendered":"Di\u00e1logos mostram Moro instruindo procuradores e questionando defesa de Lula: &#8216;Showzinho&#8217;"},"content":{"rendered":"<p style=\"text-align: justify;\"><em>Na conversa, divulgada de forma exclusiva pelo site Intercept Brasil, Moro aparece fornecendo instru\u00e7\u00f5es privadas para a Lava Jato<\/em><!--more--><\/p>\n<p style=\"text-align: justify;\">A sexta fase da divulga\u00e7\u00e3o de mensagens trocadas entre o ex-juiz e atual ministro da Justi\u00e7a, S\u00e9rgio Moro, e procuradores da for\u00e7a-tarefa da Lava Jato mostraram o magistrado discutindo alternativas e instruindo os membros do Minist\u00e9rio P\u00fablico Federal (MPF) para abordar os diversos pontos da audi\u00eancia do ex-presidente Luiz In\u00e1cio Lula da Silva (PT).<\/p>\n<p style=\"text-align: justify;\"><img fetchpriority=\"high\" decoding=\"async\" class=\"size-full wp-image-2902 alignleft\" src=\"http:\/\/www.portalalerta.com.br\/wp-content\/uploads\/2017\/11\/elab-2.jpg\" alt=\"\" width=\"310\" height=\"200\" srcset=\"https:\/\/www.portalalerta.com.br\/wp-content\/uploads\/2017\/11\/elab-2.jpg 310w, https:\/\/www.portalalerta.com.br\/wp-content\/uploads\/2017\/11\/elab-2-226x146.jpg 226w, https:\/\/www.portalalerta.com.br\/wp-content\/uploads\/2017\/11\/elab-2-50x32.jpg 50w, https:\/\/www.portalalerta.com.br\/wp-content\/uploads\/2017\/11\/elab-2-116x75.jpg 116w\" sizes=\"(max-width: 310px) 100vw, 310px\" \/>Foi o primeiro encontro entre o petista e o ent\u00e3o representante da Justi\u00e7a Federal em Curitiba. Na conversa, divulgada de forma exclusiva pelo site Intercept Brasil, Moro aparece zombando de Lula e de seus advogados enquanto fornecia instru\u00e7\u00f5es privadas para a Lava Jato sobre como se portar publicamente e controlar a narrativa dos ve\u00edculos de comunica\u00e7\u00e3o.<\/p>\n<p style=\"text-align: justify;\">&#8220;Talvez voc\u00eas devessem amanh\u00e3 editar uma nota esclarecendo as contradi\u00e7\u00f5es do depoimento com o resto das provas ou com o depoimento anterior dele. Por que a Defesa j\u00e1 fez o showzinho dela&#8221;, escreveu o ministro aos procuradores. O epis\u00f3dio ocorreu em 10 de maio de 2017, quando Moro j\u00e1 presidia um processo criminal contra o ex-presidente no caso do \u201capartamento triplex do Guaruj\u00e1\u201d.<\/p>\n<p style=\"text-align: justify;\">O ex-juiz conversa com o ent\u00e3o procurador da Rep\u00fablica Carlos Fernando dos Santos Lima, que discutiu com outros procuradores a melhor forma de apontar as contradi\u00e7\u00f5es de Lula no depoimento. Deltan Dallagnol, que tamb\u00e9m faz parte da for\u00e7a-tarefa da Lava Jato, tamb\u00e9m \u00e9 envolvido na troca de mensagens.<\/p>\n<p style=\"text-align: justify;\">&#8220;Caros, mantenham avaliando a repercuss\u00e3o de hora em hora, sempre que poss\u00edvel, em especial verificando se est\u00e1 sendo positiva ou negativa e se a m\u00eddia est\u00e1 explorando as contradi\u00e7\u00f5es e evasivas. As raz\u00f5es para eventual manifesta\u00e7\u00e3o s\u00e3o: a) contrabalancear as manifesta\u00e7\u00f5es da defesa. Vejo com normalidade fazer isso. Nos outros casos n\u00e3o houve isso. b) tirar um pouco o foco do juiz que foi capa das revistas de modo inadequado&#8221;, escreve Deltan.<\/p>\n<p style=\"text-align: justify;\"><strong><a href=\"https:\/\/theintercept.com\/2019\/06\/14\/sergio-moro-enquanto-julgava-lula-sugeriu-a-lava-jato-emitir-uma-nota-oficial-contra-a-defesa-eles-acataram-e-pautaram-a-imprensa\/\">Confira a \u00edntegra da reportagem do Intercept Brasil aqui.<\/a><\/strong><\/p>\n<p style=\"text-align: justify;\">\u00a0<em>Fonte: Metro1<\/em><\/p>\n","protected":false},"excerpt":{"rendered":"<p>Na conversa, divulgada de forma exclusiva pelo site Intercept Brasil, Moro aparece fornecendo instru\u00e7\u00f5es privadas para a Lava Jato<\/p>\n","protected":false},"author":2,"featured_media":17692,"comment_status":"open","ping_status":"open","sticky":false,"template":"","format":"standard","meta":{"om_disable_all_campaigns":false,"_monsterinsights_skip_tracking":false,"_monsterinsights_sitenote_active":false,"_monsterinsights_sitenote_note":"","_monsterinsights_sitenote_category":0,"footnotes":""},"categories":[34,70,69,21],"tags":[93,2845,462,247,303,77,2865,443,2837],"class_list":["post-17691","post","type-post","status-publish","format-standard","has-post-thumbnail","hentry","category-brasil","category-destaques","category-noticias2","category-politica","tag-brasil","tag-conversa","tag-juiz","tag-lava-jato","tag-lula","tag-preso","tag-procuradores","tag-sergio-moro","tag-vazamento"],"aioseo_notices":[],"_links":{"self":[{"href":"https:\/\/www.portalalerta.com.br\/index.php\/wp-json\/wp\/v2\/posts\/17691","targetHints":{"allow":["GET"]}}],"collection":[{"href":"https:\/\/www.portalalerta.com.br\/index.php\/wp-json\/wp\/v2\/posts"}],"about":[{"href":"https:\/\/www.portalalerta.com.br\/index.php\/wp-json\/wp\/v2\/types\/post"}],"author":[{"embeddable":true,"href":"https:\/\/www.portalalerta.com.br\/index.php\/wp-json\/wp\/v2\/users\/2"}],"replies":[{"embeddable":true,"href":"https:\/\/www.portalalerta.com.br\/index.php\/wp-json\/wp\/v2\/comments?post=17691"}],"version-history":[{"count":0,"href":"https:\/\/www.portalalerta.com.br\/index.php\/wp-json\/wp\/v2\/posts\/17691\/revisions"}],"wp:featuredmedia":[{"embeddable":true,"href":"https:\/\/www.portalalerta.com.br\/index.php\/wp-json\/wp\/v2\/media\/17692"}],"wp:attachment":[{"href":"https:\/\/www.portalalerta.com.br\/index.php\/wp-json\/wp\/v2\/media?parent=17691"}],"wp:term":[{"taxonomy":"category","embeddable":true,"href":"https:\/\/www.portalalerta.com.br\/index.php\/wp-json\/wp\/v2\/categories?post=17691"},{"taxonomy":"post_tag","embeddable":true,"href":"https:\/\/www.portalalerta.com.br\/index.php\/wp-json\/wp\/v2\/tags?post=17691"}],"curies":[{"name":"wp","href":"https:\/\/api.w.org\/{rel}","templated":true}]}}