{"id":17697,"date":"2019-06-17T16:09:36","date_gmt":"2019-06-17T19:09:36","guid":{"rendered":"http:\/\/www.portalalerta.com.br\/?p=17697"},"modified":"2019-06-17T16:09:36","modified_gmt":"2019-06-17T19:09:36","slug":"dupla-acusada-de-roubar-van-em-santa-brigidaba-morre-em-troca-de-tiros-com-a-policia-em-alagoas","status":"publish","type":"post","link":"https:\/\/www.portalalerta.com.br\/index.php\/2019\/06\/17\/dupla-acusada-de-roubar-van-em-santa-brigidaba-morre-em-troca-de-tiros-com-a-policia-em-alagoas\/","title":{"rendered":"Dupla acusada de roubar van em Santa Br\u00edgida(BA), morre em troca de tiros com a Pol\u00edcia em Alagoas"},"content":{"rendered":"<p style=\"text-align: justify;\">Os acusados teriam roubado uma Mercedes-Benz Sprinter na cidade de Santa Br\u00edgida e reagiram a abordagem policial na cidade de S\u00e3o Jos\u00e9 da Tapera.<!--more--><\/p>\n<p style=\"text-align: justify;\">Uma a\u00e7\u00e3o da Pol\u00edcia Militar de Alagoas, na manh\u00e3 de\u00a0sexta -feira (14), terminou com dois suspeitos de roubar um Van no estado da Bahia, mortos.<\/p>\n<p style=\"text-align: justify;\">De acordo com informa\u00e7\u00f5es, os suspeitos morreram numa troca de tiros com a Pol\u00edcia durante uma opera\u00e7\u00e3o do Pelot\u00e3o de Opera\u00e7\u00f5es Especiais (Pelopes) na AL-220, nas imedia\u00e7\u00f5es da cidade de S\u00e3o Jos\u00e9 da Tapera, no sert\u00e3o do estado.<\/p>\n<p style=\"text-align: justify;\"><img fetchpriority=\"high\" decoding=\"async\" class=\"size-full wp-image-2867 aligncenter\" src=\"http:\/\/www.portalalerta.com.br\/wp-content\/uploads\/2017\/11\/protege-1.jpg\" alt=\"\" width=\"600\" height=\"140\" \/>Os dois indiv\u00edduos que n\u00e3o tiveram suas identidades\u00a0reveladas, roubaram uma Mercedes-Benz Sprinter, na cidade de Santa Br\u00edgida, no Estado da Bahia e estavam trafegando pela Rodovia AL-220, quando a Pol\u00edcia alagoana foi\u00a0 informada que uma Van com as caracter\u00edsticas da que foi roubada estaria passando por cidades alagoanas.<\/p>\n<p style=\"text-align: justify;\">Os PMs foram acionados via Copom informando que o ve\u00edculo estaria passando pelo Distrito do Piau, zona rural do munic\u00edpio de Piranhas. Foi a\u00ed que teve in\u00edcio a persegui\u00e7\u00e3o, nas imedia\u00e7\u00f5es da cidade de S\u00e3o Jos\u00e9 da Tapera, em um trecho da AL-220, os Policiais avistaram a van, houve a aproxima\u00e7\u00e3o e foi iniciada uma troca de tiros entre policiais do Pelopes e os dois homens suspeitos que estavam no interior do ve\u00edculo. No confronto, os bandidos foram atingidos e acabaram morrendo no local. Nenhum policial ficou ferido.<\/p>\n<p style=\"text-align: justify;\">Foi acionado o IML (Instituto M\u00e9dico Legal) de Arapiraca, o IC (Instituto de Criminal\u00edstica) e a Pol\u00edcia Civil para os procedimentos cab\u00edveis.<\/p>\n<p style=\"text-align: justify;\"><em>Fonte: Chico Sabe Tudo<\/em><\/p>\n","protected":false},"excerpt":{"rendered":"<p>Os acusados teriam roubado uma Mercedes-Benz Sprinter na cidade de Santa Br\u00edgida e reagiram a abordagem policial na cidade de S\u00e3o Jos\u00e9 da Tapera.<\/p>\n","protected":false},"author":2,"featured_media":17698,"comment_status":"open","ping_status":"open","sticky":false,"template":"","format":"standard","meta":{"om_disable_all_campaigns":false,"_monsterinsights_skip_tracking":false,"_monsterinsights_sitenote_active":false,"_monsterinsights_sitenote_note":"","_monsterinsights_sitenote_category":0,"footnotes":""},"categories":[33,34,70,69,22],"tags":[454,178,246,439,2866,367,555],"class_list":["post-17697","post","type-post","status-publish","format-standard","has-post-thumbnail","hentry","category-bahia","category-brasil","category-destaques","category-noticias2","category-seguranca","tag-alagoas","tag-confronto","tag-ladroes","tag-mortes","tag-piranhas","tag-roubo","tag-santa-brigida"],"aioseo_notices":[],"_links":{"self":[{"href":"https:\/\/www.portalalerta.com.br\/index.php\/wp-json\/wp\/v2\/posts\/17697","targetHints":{"allow":["GET"]}}],"collection":[{"href":"https:\/\/www.portalalerta.com.br\/index.php\/wp-json\/wp\/v2\/posts"}],"about":[{"href":"https:\/\/www.portalalerta.com.br\/index.php\/wp-json\/wp\/v2\/types\/post"}],"author":[{"embeddable":true,"href":"https:\/\/www.portalalerta.com.br\/index.php\/wp-json\/wp\/v2\/users\/2"}],"replies":[{"embeddable":true,"href":"https:\/\/www.portalalerta.com.br\/index.php\/wp-json\/wp\/v2\/comments?post=17697"}],"version-history":[{"count":0,"href":"https:\/\/www.portalalerta.com.br\/index.php\/wp-json\/wp\/v2\/posts\/17697\/revisions"}],"wp:featuredmedia":[{"embeddable":true,"href":"https:\/\/www.portalalerta.com.br\/index.php\/wp-json\/wp\/v2\/media\/17698"}],"wp:attachment":[{"href":"https:\/\/www.portalalerta.com.br\/index.php\/wp-json\/wp\/v2\/media?parent=17697"}],"wp:term":[{"taxonomy":"category","embeddable":true,"href":"https:\/\/www.portalalerta.com.br\/index.php\/wp-json\/wp\/v2\/categories?post=17697"},{"taxonomy":"post_tag","embeddable":true,"href":"https:\/\/www.portalalerta.com.br\/index.php\/wp-json\/wp\/v2\/tags?post=17697"}],"curies":[{"name":"wp","href":"https:\/\/api.w.org\/{rel}","templated":true}]}}