{"id":17714,"date":"2019-06-17T20:43:50","date_gmt":"2019-06-17T23:43:50","guid":{"rendered":"http:\/\/www.portalalerta.com.br\/?p=17714"},"modified":"2019-06-17T20:43:50","modified_gmt":"2019-06-17T23:43:50","slug":"governadores-do-nordeste-querem-programa-regional-nos-moldes-do-mais-medicos","status":"publish","type":"post","link":"https:\/\/www.portalalerta.com.br\/index.php\/2019\/06\/17\/governadores-do-nordeste-querem-programa-regional-nos-moldes-do-mais-medicos\/","title":{"rendered":"Governadores do Nordeste querem programa regional nos moldes do Mais M\u00e9dicos"},"content":{"rendered":"<p style=\"text-align: justify;\">Agora que j\u00e1 foram conclu\u00eddas as etapas formais para a cria\u00e7\u00e3o do Cons\u00f3rcio do Nordeste, que visa representar os governos da regi\u00e3o no \u00e2mbito jur\u00eddico, os membros come\u00e7aram a debater os primeiros projetos. Um deles \u00e9 firmar contrato com a Organiza\u00e7\u00e3o Pan-Americana da Sa\u00fade (Opas), que exporta profissionais da \u00e1rea, a fim de retomar um programa nos moldes do \u201cMais M\u00e9dicos\u201d.<!--more--><\/p>\n<p style=\"text-align: justify;\"><img fetchpriority=\"high\" decoding=\"async\" class=\"size-full wp-image-2902 alignleft\" src=\"http:\/\/www.portalalerta.com.br\/wp-content\/uploads\/2017\/11\/elab-2.jpg\" alt=\"\" width=\"310\" height=\"200\" srcset=\"https:\/\/www.portalalerta.com.br\/wp-content\/uploads\/2017\/11\/elab-2.jpg 310w, https:\/\/www.portalalerta.com.br\/wp-content\/uploads\/2017\/11\/elab-2-226x146.jpg 226w, https:\/\/www.portalalerta.com.br\/wp-content\/uploads\/2017\/11\/elab-2-50x32.jpg 50w, https:\/\/www.portalalerta.com.br\/wp-content\/uploads\/2017\/11\/elab-2-116x75.jpg 116w\" sizes=\"(max-width: 310px) 100vw, 310px\" \/>Segundo informa\u00e7\u00f5es do blog Painel, da Folha de S. Paulo, o governador do Maranh\u00e3o, Fl\u00e1vio Dino (PCdoB), disse que eles j\u00e1 consultaram a identidade para fazer um contrato regional. A organiza\u00e7\u00e3o rescindiu o acordo com o Brasil, logo ap\u00f3s a elei\u00e7\u00e3o do presidente Jair Bolsonaro (PSL), no ano passado. O capit\u00e3o fazia duras cr\u00edticas ao programa, que tinha, em sua maioria, m\u00e9dicos cubanos atuando no Brasil. O problema \u00e9 que o governo federal n\u00e3o deu conta de repor os profissionais nas unidades antes assistidas pelos estrangeiros.<\/p>\n<p style=\"text-align: justify;\">De acordo com a publica\u00e7\u00e3o, o New York Times estima que 28 milh\u00f5es de brasileiros ficaram sem atendimento m\u00e9dico.<\/p>\n<p style=\"text-align: justify;\"><em>Fonte: A Voz do Campo <\/em><\/p>\n","protected":false},"excerpt":{"rendered":"<p>Agora que j\u00e1 foram conclu\u00eddas as etapas formais para a cria\u00e7\u00e3o do Cons\u00f3rcio do Nordeste, que visa representar os governos da regi\u00e3o no \u00e2mbito jur\u00eddico, os membros come\u00e7aram a debater os primeiros projetos. Um deles \u00e9 firmar contrato com a Organiza\u00e7\u00e3o Pan-Americana da Sa\u00fade (Opas), que exporta profissionais da \u00e1rea, a fim de retomar um &hellip;<\/p>\n","protected":false},"author":2,"featured_media":12371,"comment_status":"open","ping_status":"open","sticky":false,"template":"","format":"standard","meta":{"om_disable_all_campaigns":false,"_monsterinsights_skip_tracking":false,"_monsterinsights_sitenote_active":false,"_monsterinsights_sitenote_note":"","_monsterinsights_sitenote_category":0,"footnotes":""},"categories":[34,70,69,19],"tags":[93,2342,887,1775,61],"class_list":["post-17714","post","type-post","status-publish","format-standard","has-post-thumbnail","hentry","category-brasil","category-destaques","category-noticias2","category-saude","tag-brasil","tag-consorcio-do-nordeste","tag-governadores","tag-mais-medicos","tag-saude"],"aioseo_notices":[],"_links":{"self":[{"href":"https:\/\/www.portalalerta.com.br\/index.php\/wp-json\/wp\/v2\/posts\/17714","targetHints":{"allow":["GET"]}}],"collection":[{"href":"https:\/\/www.portalalerta.com.br\/index.php\/wp-json\/wp\/v2\/posts"}],"about":[{"href":"https:\/\/www.portalalerta.com.br\/index.php\/wp-json\/wp\/v2\/types\/post"}],"author":[{"embeddable":true,"href":"https:\/\/www.portalalerta.com.br\/index.php\/wp-json\/wp\/v2\/users\/2"}],"replies":[{"embeddable":true,"href":"https:\/\/www.portalalerta.com.br\/index.php\/wp-json\/wp\/v2\/comments?post=17714"}],"version-history":[{"count":0,"href":"https:\/\/www.portalalerta.com.br\/index.php\/wp-json\/wp\/v2\/posts\/17714\/revisions"}],"wp:featuredmedia":[{"embeddable":true,"href":"https:\/\/www.portalalerta.com.br\/index.php\/wp-json\/wp\/v2\/media\/12371"}],"wp:attachment":[{"href":"https:\/\/www.portalalerta.com.br\/index.php\/wp-json\/wp\/v2\/media?parent=17714"}],"wp:term":[{"taxonomy":"category","embeddable":true,"href":"https:\/\/www.portalalerta.com.br\/index.php\/wp-json\/wp\/v2\/categories?post=17714"},{"taxonomy":"post_tag","embeddable":true,"href":"https:\/\/www.portalalerta.com.br\/index.php\/wp-json\/wp\/v2\/tags?post=17714"}],"curies":[{"name":"wp","href":"https:\/\/api.w.org\/{rel}","templated":true}]}}