{"id":17716,"date":"2019-06-17T20:47:44","date_gmt":"2019-06-17T23:47:44","guid":{"rendered":"http:\/\/www.portalalerta.com.br\/?p=17716"},"modified":"2019-06-17T20:47:44","modified_gmt":"2019-06-17T23:47:44","slug":"feira-de-saude-sera-realizada-nesta-terca-feira-18-no-povoado-feira-da-serra-em-ribeira-do-pombal-ba","status":"publish","type":"post","link":"https:\/\/www.portalalerta.com.br\/index.php\/2019\/06\/17\/feira-de-saude-sera-realizada-nesta-terca-feira-18-no-povoado-feira-da-serra-em-ribeira-do-pombal-ba\/","title":{"rendered":"Feira de Sa\u00fade ser\u00e1 realizada nesta ter\u00e7a-feira, 18, no povoado Feira da Serra, em Ribeira do Pombal-BA"},"content":{"rendered":"<p style=\"text-align: justify;\">O povoado Feira da Serra, bem como comunidades vizinhas ser\u00e3o beneficiadas com a Feira de Sa\u00fade que ser\u00e1 realizada durante todo o dia, nesta ter\u00e7a-feira, 18.<!--more--><\/p>\n<p style=\"text-align: justify;\">Ser\u00e3o ofertados os seguintes servi\u00e7os de sa\u00fade: Dermatologia, Cardiologia, Ortopedia, Pediatria, Odontologia, Cl\u00ednica Geral, Nutri\u00e7\u00e3o, Psicologia, Ultrassonografia, e Exames Laboratoriais.<\/p>\n<p style=\"text-align: justify;\"><img fetchpriority=\"high\" decoding=\"async\" class=\"size-thumbnail wp-image-4869 aligncenter\" src=\"http:\/\/www.portalalerta.com.br\/wp-content\/uploads\/2018\/02\/Auto-Escola-Nobre-720x181.jpg\" alt=\"\" width=\"720\" height=\"181\" srcset=\"https:\/\/www.portalalerta.com.br\/wp-content\/uploads\/2018\/02\/Auto-Escola-Nobre.jpg 720w, https:\/\/www.portalalerta.com.br\/wp-content\/uploads\/2018\/02\/Auto-Escola-Nobre-260x65.jpg 260w, https:\/\/www.portalalerta.com.br\/wp-content\/uploads\/2018\/02\/Auto-Escola-Nobre-50x13.jpg 50w, https:\/\/www.portalalerta.com.br\/wp-content\/uploads\/2018\/02\/Auto-Escola-Nobre-150x38.jpg 150w\" sizes=\"(max-width: 720px) 100vw, 720px\" \/>Al\u00e9m de Feira da Serra, povoado sede do evento, ser\u00e3o beneficiadas as seguintes comunidades: Fazenda Ab\u00f3bora, Fazenda Saco Comprido, Fazenda Barro Vermelho, Fazenda Boa Vista, Logrador I, Baixa das Antas, Fazenda Antas, Fazenda Alexandrino I, Fazenda Alexandrino II, Fazenda Saco Grande.<\/p>\n<p style=\"text-align: justify;\"><a href=\"http:\/\/www.facebook.com.br\/pombalalerta\"><strong style=\"font-style: inherit;\">Curta nossa p\u00e1gina no facebook, e continue atualizado sobre tudo o que acontece em sua cidade!<\/strong><\/a><\/p>\n<p style=\"text-align: justify;\"><a href=\"https:\/\/play.google.com\/store\/apps\/details?id=com.globalstore.pombalalerta&amp;hl=pt_BR\"><strong style=\"font-style: inherit;\">Baixe o nosso aplicativo, e fique de olho na not\u00edcia!<\/strong><\/a><\/p>\n<p style=\"text-align: justify;\"><em style=\"font-weight: inherit;\">Reda\u00e7\u00e3o: Portal Alerta<\/em><\/p>\n","protected":false},"excerpt":{"rendered":"<p>O povoado Feira da Serra, bem como comunidades vizinhas ser\u00e3o beneficiadas com a Feira de Sa\u00fade que ser\u00e1 realizada durante todo o dia, nesta ter\u00e7a-feira, 18.<\/p>\n","protected":false},"author":2,"featured_media":10306,"comment_status":"open","ping_status":"open","sticky":false,"template":"","format":"standard","meta":{"om_disable_all_campaigns":false,"_monsterinsights_skip_tracking":false,"_monsterinsights_sitenote_active":false,"_monsterinsights_sitenote_note":"","_monsterinsights_sitenote_category":0,"footnotes":""},"categories":[70,69,32,3,19],"tags":[1561,229,47,61],"class_list":["post-17716","post","type-post","status-publish","format-standard","has-post-thumbnail","hentry","category-destaques","category-noticias2","category-regiao","category-ribeira-do-pombal","category-saude","tag-feira-de-saude","tag-povoado","tag-ribeira-do-pombal","tag-saude"],"aioseo_notices":[],"_links":{"self":[{"href":"https:\/\/www.portalalerta.com.br\/index.php\/wp-json\/wp\/v2\/posts\/17716","targetHints":{"allow":["GET"]}}],"collection":[{"href":"https:\/\/www.portalalerta.com.br\/index.php\/wp-json\/wp\/v2\/posts"}],"about":[{"href":"https:\/\/www.portalalerta.com.br\/index.php\/wp-json\/wp\/v2\/types\/post"}],"author":[{"embeddable":true,"href":"https:\/\/www.portalalerta.com.br\/index.php\/wp-json\/wp\/v2\/users\/2"}],"replies":[{"embeddable":true,"href":"https:\/\/www.portalalerta.com.br\/index.php\/wp-json\/wp\/v2\/comments?post=17716"}],"version-history":[{"count":0,"href":"https:\/\/www.portalalerta.com.br\/index.php\/wp-json\/wp\/v2\/posts\/17716\/revisions"}],"wp:featuredmedia":[{"embeddable":true,"href":"https:\/\/www.portalalerta.com.br\/index.php\/wp-json\/wp\/v2\/media\/10306"}],"wp:attachment":[{"href":"https:\/\/www.portalalerta.com.br\/index.php\/wp-json\/wp\/v2\/media?parent=17716"}],"wp:term":[{"taxonomy":"category","embeddable":true,"href":"https:\/\/www.portalalerta.com.br\/index.php\/wp-json\/wp\/v2\/categories?post=17716"},{"taxonomy":"post_tag","embeddable":true,"href":"https:\/\/www.portalalerta.com.br\/index.php\/wp-json\/wp\/v2\/tags?post=17716"}],"curies":[{"name":"wp","href":"https:\/\/api.w.org\/{rel}","templated":true}]}}