{"id":17718,"date":"2019-06-17T23:34:59","date_gmt":"2019-06-18T02:34:59","guid":{"rendered":"http:\/\/www.portalalerta.com.br\/?p=17718"},"modified":"2019-06-18T00:02:20","modified_gmt":"2019-06-18T03:02:20","slug":"mirandela-e-marrocos-disputam-o-titulo-do-ii-campeonato-indigena","status":"publish","type":"post","link":"https:\/\/www.portalalerta.com.br\/index.php\/2019\/06\/17\/mirandela-e-marrocos-disputam-o-titulo-do-ii-campeonato-indigena\/","title":{"rendered":"Mirandela e Marrocos disputam o t\u00edtulo do II Campeonato Ind\u00edgena"},"content":{"rendered":"<p style=\"text-align: justify;\">\u00c9 hora de decis\u00e3o no II Campeonato Municipal de Futebol Ind\u00edgena, no pr\u00f3ximo s\u00e1bado (22) ser\u00e1 conhecido o grande campe\u00e3o da competi\u00e7\u00e3o neste ano de 2019, os jogos ser\u00e3o a partir das 13:30h na Aldeia Mirandela.<!--more--><\/p>\n<p style=\"text-align: justify;\"><strong><img fetchpriority=\"high\" decoding=\"async\" class=\"size-thumbnail wp-image-4869 aligncenter\" src=\"http:\/\/www.portalalerta.com.br\/wp-content\/uploads\/2018\/02\/Auto-Escola-Nobre-720x181.jpg\" alt=\"\" width=\"720\" height=\"181\" srcset=\"https:\/\/www.portalalerta.com.br\/wp-content\/uploads\/2018\/02\/Auto-Escola-Nobre.jpg 720w, https:\/\/www.portalalerta.com.br\/wp-content\/uploads\/2018\/02\/Auto-Escola-Nobre-260x65.jpg 260w, https:\/\/www.portalalerta.com.br\/wp-content\/uploads\/2018\/02\/Auto-Escola-Nobre-50x13.jpg 50w, https:\/\/www.portalalerta.com.br\/wp-content\/uploads\/2018\/02\/Auto-Escola-Nobre-150x38.jpg 150w\" sizes=\"(max-width: 720px) 100vw, 720px\" \/>DISPUTA DO 3\u00ba LUGAR<\/strong><br \/>\nTux\u00e1 x Baixa da Cangalha<\/p>\n<p style=\"text-align: justify;\"><strong>GRANDE FINAL<\/strong><br \/>\nMirandela x Marrocos<\/p>\n<p style=\"text-align: justify;\"><strong>Semifinais<\/strong><\/p>\n<p style=\"text-align: justify;\">Os jogos das semifinais aconteceram no final de semana, no s\u00e1bado (15) o Marrocos venceu Tux\u00e1 nos p\u00eanaltis por 5 a 4 ap\u00f3s empate em 3 a 3 no tempo normal. No domingo (16) a Mirandela venceu por 5 a 2 a Baixa da Cangalha.<\/p>\n<p style=\"text-align: justify;\"><em>Fonte: SECOM\/ Banza\u00ea <\/em><\/p>\n","protected":false},"excerpt":{"rendered":"<p>\u00c9 hora de decis\u00e3o no II Campeonato Municipal de Futebol Ind\u00edgena, no pr\u00f3ximo s\u00e1bado (22) ser\u00e1 conhecido o grande campe\u00e3o da competi\u00e7\u00e3o neste ano de 2019, os jogos ser\u00e3o a partir das 13:30h na Aldeia Mirandela.<\/p>\n","protected":false},"author":2,"featured_media":17719,"comment_status":"open","ping_status":"open","sticky":false,"template":"","format":"standard","meta":{"om_disable_all_campaigns":false,"_monsterinsights_skip_tracking":false,"_monsterinsights_sitenote_active":false,"_monsterinsights_sitenote_note":"","_monsterinsights_sitenote_category":0,"footnotes":""},"categories":[39,2,69,32],"tags":[49,1058,96,483],"class_list":["post-17718","post","type-post","status-publish","format-standard","has-post-thumbnail","hentry","category-banzae","category-esportes","category-noticias2","category-regiao","tag-banzae","tag-campeonato","tag-esporte","tag-indios"],"aioseo_notices":[],"_links":{"self":[{"href":"https:\/\/www.portalalerta.com.br\/index.php\/wp-json\/wp\/v2\/posts\/17718","targetHints":{"allow":["GET"]}}],"collection":[{"href":"https:\/\/www.portalalerta.com.br\/index.php\/wp-json\/wp\/v2\/posts"}],"about":[{"href":"https:\/\/www.portalalerta.com.br\/index.php\/wp-json\/wp\/v2\/types\/post"}],"author":[{"embeddable":true,"href":"https:\/\/www.portalalerta.com.br\/index.php\/wp-json\/wp\/v2\/users\/2"}],"replies":[{"embeddable":true,"href":"https:\/\/www.portalalerta.com.br\/index.php\/wp-json\/wp\/v2\/comments?post=17718"}],"version-history":[{"count":0,"href":"https:\/\/www.portalalerta.com.br\/index.php\/wp-json\/wp\/v2\/posts\/17718\/revisions"}],"wp:featuredmedia":[{"embeddable":true,"href":"https:\/\/www.portalalerta.com.br\/index.php\/wp-json\/wp\/v2\/media\/17719"}],"wp:attachment":[{"href":"https:\/\/www.portalalerta.com.br\/index.php\/wp-json\/wp\/v2\/media?parent=17718"}],"wp:term":[{"taxonomy":"category","embeddable":true,"href":"https:\/\/www.portalalerta.com.br\/index.php\/wp-json\/wp\/v2\/categories?post=17718"},{"taxonomy":"post_tag","embeddable":true,"href":"https:\/\/www.portalalerta.com.br\/index.php\/wp-json\/wp\/v2\/tags?post=17718"}],"curies":[{"name":"wp","href":"https:\/\/api.w.org\/{rel}","templated":true}]}}