{"id":17726,"date":"2019-06-17T23:39:23","date_gmt":"2019-06-18T02:39:23","guid":{"rendered":"http:\/\/www.portalalerta.com.br\/?p=17726"},"modified":"2019-06-17T23:39:23","modified_gmt":"2019-06-18T02:39:23","slug":"laudo-da-pericia-aponta-que-delegado-morto-por-pms-em-itabuna-ba-estava-sob-efeito-de-cocaina","status":"publish","type":"post","link":"https:\/\/www.portalalerta.com.br\/index.php\/2019\/06\/17\/laudo-da-pericia-aponta-que-delegado-morto-por-pms-em-itabuna-ba-estava-sob-efeito-de-cocaina\/","title":{"rendered":"Laudo da per\u00edcia aponta que delegado morto por PMs em Itabuna-BA estava sob efeito de coca\u00edna"},"content":{"rendered":"<p style=\"text-align: justify;\">Quase dois meses ap\u00f3s o assassinato do delegado da Pol\u00edcia Civil, Jos\u00e9 Carlos Mastique, um laudo da per\u00edcia apontou que havia vest\u00edgios de coca\u00edna no sangue da v\u00edtima.\u00a0<strong><a href=\"http:\/\/www.portalalerta.com.br\/index.php\/2019\/04\/29\/delegado-morre-ao-ser-baleado-por-policiais-militares-em-itabuna-ba-entenda\/\">Ele foi morto no dia 28 de maio<\/a><\/strong>, ap\u00f3s ser alvejado por policiais militares, em Itabuna, no sul da Bahia.<!--more--><\/p>\n<p style=\"text-align: justify;\">A per\u00edcia detectou ainda que nos exames de urina foram encontrados tra\u00e7os da mesma droga, al\u00e9m de cocaetileno, que \u00e9 uma subst\u00e2ncia formada no f\u00edgado, oriunda da metaboliza\u00e7\u00e3o do \u00e1lcool com coca\u00edna.<\/p>\n<p style=\"text-align: justify;\"><img fetchpriority=\"high\" decoding=\"async\" class=\"aligncenter wp-image-17727 size-full\" src=\"http:\/\/www.portalalerta.com.br\/wp-content\/uploads\/2019\/06\/Laudo-de-delegado-morto-em-Itabuna-2019.jpg\" alt=\"\" width=\"530\" height=\"280\" srcset=\"https:\/\/www.portalalerta.com.br\/wp-content\/uploads\/2019\/06\/Laudo-de-delegado-morto-em-Itabuna-2019.jpg 530w, https:\/\/www.portalalerta.com.br\/wp-content\/uploads\/2019\/06\/Laudo-de-delegado-morto-em-Itabuna-2019-454x240.jpg 454w, https:\/\/www.portalalerta.com.br\/wp-content\/uploads\/2019\/06\/Laudo-de-delegado-morto-em-Itabuna-2019-260x137.jpg 260w, https:\/\/www.portalalerta.com.br\/wp-content\/uploads\/2019\/06\/Laudo-de-delegado-morto-em-Itabuna-2019-50x26.jpg 50w, https:\/\/www.portalalerta.com.br\/wp-content\/uploads\/2019\/06\/Laudo-de-delegado-morto-em-Itabuna-2019-142x75.jpg 142w\" sizes=\"(max-width: 530px) 100vw, 530px\" \/><\/p>\n<p style=\"text-align: justify;\">De acordo com o site &#8216;Verdinho Itabuna&#8217;, ap\u00f3s o resultado do laudo, a defesa dos policiais envolvidos no caso &#8220;confirmou aquilo que j\u00e1 suspeitava: a de que o delegado, no dia do ocorrido, estava sob influ\u00eancia de drogas e \u00e1lcool, fator que o fez perder o controle emocional e ps\u00edquico&#8221;.<\/p>\n<p style=\"text-align: justify;\">Ainda conforme a defesa dos PMs, &#8220;Mastique estava alterado pelo uso das subst\u00e2ncias e teve uma rea\u00e7\u00e3o negativa \u00e0 abordagem feita pela PM em servi\u00e7o e puxou a arma contra a guarni\u00e7\u00e3o, desencadeando, assim, a defesa por parte dos militares&#8221;.<\/p>\n<p style=\"text-align: justify;\"><strong>O caso<\/strong><\/p>\n<p style=\"text-align: justify;\"><img decoding=\"async\" class=\"size-full wp-image-2902 alignleft\" src=\"http:\/\/www.portalalerta.com.br\/wp-content\/uploads\/2017\/11\/elab-2.jpg\" alt=\"\" width=\"310\" height=\"200\" srcset=\"https:\/\/www.portalalerta.com.br\/wp-content\/uploads\/2017\/11\/elab-2.jpg 310w, https:\/\/www.portalalerta.com.br\/wp-content\/uploads\/2017\/11\/elab-2-226x146.jpg 226w, https:\/\/www.portalalerta.com.br\/wp-content\/uploads\/2017\/11\/elab-2-50x32.jpg 50w, https:\/\/www.portalalerta.com.br\/wp-content\/uploads\/2017\/11\/elab-2-116x75.jpg 116w\" sizes=\"(max-width: 310px) 100vw, 310px\" \/>O delegado morreu na madrugada deste domingo (28), ao ser alvejado por policiais militares, em Itabuna. Segundo a pol\u00edcia, durante um confus\u00e3o no centro da cidade,em frente ao Posto Jequitib\u00e1, que fica ao lado do Shopping Jequitib\u00e1, por volta das 3h20, Jos\u00e9 Carlos Mastique teria sacado a arma, um revolver cal. 38, contra os militares e foi baleado.<\/p>\n<p style=\"text-align: justify;\">Mastique estava na dire\u00e7\u00e3o de um Honda City, de cor prata, que se encontrava parado no local, quando os policiais chegaram para averiguar uma suposta den\u00fancia de agress\u00e3o \u00e0 uma mulher. Durante a confus\u00e3o, o delegado foi alvejado com um tiro \u00e0 altura do peito e chegou a ser socorrido, logo em seguida, pela mesma guarni\u00e7\u00e3o para o Hospital de Base de Itabuna, mas n\u00e3o resistiu aos ferimentos.<\/p>\n<p style=\"text-align: justify;\"><em>Fonte: Boc\u00e3o News<\/em><\/p>\n","protected":false},"excerpt":{"rendered":"<p>Quase dois meses ap\u00f3s o assassinato do delegado da Pol\u00edcia Civil, Jos\u00e9 Carlos Mastique, um laudo da per\u00edcia apontou que havia vest\u00edgios de coca\u00edna no sangue da v\u00edtima.\u00a0Ele foi morto no dia 28 de maio, ap\u00f3s ser alvejado por policiais militares, em Itabuna, no sul da Bahia.<\/p>\n","protected":false},"author":2,"featured_media":16554,"comment_status":"open","ping_status":"open","sticky":false,"template":"","format":"standard","meta":{"om_disable_all_campaigns":false,"_monsterinsights_skip_tracking":false,"_monsterinsights_sitenote_active":false,"_monsterinsights_sitenote_note":"","_monsterinsights_sitenote_category":0,"footnotes":""},"categories":[33,70,69,22],"tags":[2114,395,128,1006,2309,169,122,79],"class_list":["post-17726","post","type-post","status-publish","format-standard","has-post-thumbnail","hentry","category-bahia","category-destaques","category-noticias2","category-seguranca","tag-cocaina","tag-delegado","tag-disparo-de-arma-de-fogo","tag-itabuna","tag-laudo","tag-morte","tag-policia-civil","tag-policia-militar"],"aioseo_notices":[],"_links":{"self":[{"href":"https:\/\/www.portalalerta.com.br\/index.php\/wp-json\/wp\/v2\/posts\/17726","targetHints":{"allow":["GET"]}}],"collection":[{"href":"https:\/\/www.portalalerta.com.br\/index.php\/wp-json\/wp\/v2\/posts"}],"about":[{"href":"https:\/\/www.portalalerta.com.br\/index.php\/wp-json\/wp\/v2\/types\/post"}],"author":[{"embeddable":true,"href":"https:\/\/www.portalalerta.com.br\/index.php\/wp-json\/wp\/v2\/users\/2"}],"replies":[{"embeddable":true,"href":"https:\/\/www.portalalerta.com.br\/index.php\/wp-json\/wp\/v2\/comments?post=17726"}],"version-history":[{"count":0,"href":"https:\/\/www.portalalerta.com.br\/index.php\/wp-json\/wp\/v2\/posts\/17726\/revisions"}],"wp:featuredmedia":[{"embeddable":true,"href":"https:\/\/www.portalalerta.com.br\/index.php\/wp-json\/wp\/v2\/media\/16554"}],"wp:attachment":[{"href":"https:\/\/www.portalalerta.com.br\/index.php\/wp-json\/wp\/v2\/media?parent=17726"}],"wp:term":[{"taxonomy":"category","embeddable":true,"href":"https:\/\/www.portalalerta.com.br\/index.php\/wp-json\/wp\/v2\/categories?post=17726"},{"taxonomy":"post_tag","embeddable":true,"href":"https:\/\/www.portalalerta.com.br\/index.php\/wp-json\/wp\/v2\/tags?post=17726"}],"curies":[{"name":"wp","href":"https:\/\/api.w.org\/{rel}","templated":true}]}}