{"id":17789,"date":"2019-06-20T15:09:11","date_gmt":"2019-06-20T18:09:11","guid":{"rendered":"http:\/\/www.portalalerta.com.br\/?p=17789"},"modified":"2019-06-20T15:09:11","modified_gmt":"2019-06-20T18:09:11","slug":"audiencia-publica-apresenta-projeto-de-militarizacao-do-ensino-em-escola-de-ribeira-do-pombal-ba","status":"publish","type":"post","link":"https:\/\/www.portalalerta.com.br\/index.php\/2019\/06\/20\/audiencia-publica-apresenta-projeto-de-militarizacao-do-ensino-em-escola-de-ribeira-do-pombal-ba\/","title":{"rendered":"Audi\u00eancia P\u00fablica apresenta Projeto de Militariza\u00e7\u00e3o do Ensino, em Escola de Ribeira do Pombal-BA"},"content":{"rendered":"<p style=\"text-align: justify;\">Na \u00faltima sexta-feira, 14, a Escola Municipal Maria Menezes Cruz Concei\u00e7\u00e3o, no bairro Pombalzinho, em Ribeira do Pombal-BA juntamente com o comando da Pol\u00edcia Militar, realizou audi\u00eancia p\u00fablica para apresenta\u00e7\u00e3o do Projeto de Gest\u00e3o Compartilhada a ser implantada no Col\u00e9gio, o qual est\u00e1 sendo chamado de \u201cmilitariza\u00e7\u00e3o da escola\u201d, uma vez que ser\u00e1 desenvolvido pela Companhia de Pol\u00edcia que passar\u00e1 a participar diretamente da gest\u00e3o escolar.<!--more--><\/p>\n<p style=\"text-align: justify;\"><img fetchpriority=\"high\" decoding=\"async\" class=\"size-full wp-image-2902 alignleft\" src=\"http:\/\/www.portalalerta.com.br\/wp-content\/uploads\/2017\/11\/elab-2.jpg\" alt=\"\" width=\"310\" height=\"200\" srcset=\"https:\/\/www.portalalerta.com.br\/wp-content\/uploads\/2017\/11\/elab-2.jpg 310w, https:\/\/www.portalalerta.com.br\/wp-content\/uploads\/2017\/11\/elab-2-226x146.jpg 226w, https:\/\/www.portalalerta.com.br\/wp-content\/uploads\/2017\/11\/elab-2-50x32.jpg 50w, https:\/\/www.portalalerta.com.br\/wp-content\/uploads\/2017\/11\/elab-2-116x75.jpg 116w\" sizes=\"(max-width: 310px) 100vw, 310px\" \/>Na oportunidade foi apresentado o uniforme a ser adotado a partir do projeto e procedida a assinatura do Termo de Compromisso entre os institui\u00e7\u00f5es pol\u00edcia, fam\u00edlia e escola. Participaram do evento professores, estudantes, pais e respons\u00e1veis, Secretaria Municipal de Educa\u00e7\u00e3o, Conselho Tutelar, Conselho Municipal de Educa\u00e7\u00e3o, Sindicato Municipal dos Professores e C\u00e2mara de Vereadores.<\/p>\n<p style=\"text-align: justify;\">A diretora da institui\u00e7\u00e3o, Rosim\u00e1ria Arar\u00fajo, falou sobre a import\u00e2ncia do projeto para unidade escolar: \u201c\u2026\u00a0<em>com essa gest\u00e3o compartilhada almejamos alcan\u00e7ar o fortalecimento do processo de ensino e aprendizagem da nossa escola, pois a disciplina serve para o bom andamento da aprendizagem escolar<\/em>\u201d, disse. Ela afirmou ainda que h\u00e1 uma expectativa de toda a comunidade escolar de que ser\u00e1 uma gest\u00e3o de qualidade nas rela\u00e7\u00f5es humanas, principalmente entre professor e aluno.<\/p>\n<p style=\"text-align: justify;\"><em>Fonte: SECOM\/ Ribeira do Pombal<\/em><\/p>\n","protected":false},"excerpt":{"rendered":"<p>Na \u00faltima sexta-feira, 14, a Escola Municipal Maria Menezes Cruz Concei\u00e7\u00e3o, no bairro Pombalzinho, em Ribeira do Pombal-BA juntamente com o comando da Pol\u00edcia Militar, realizou audi\u00eancia p\u00fablica para apresenta\u00e7\u00e3o do Projeto de Gest\u00e3o Compartilhada a ser implantada no Col\u00e9gio, o qual est\u00e1 sendo chamado de \u201cmilitariza\u00e7\u00e3o da escola\u201d, uma vez que ser\u00e1 desenvolvido pela &hellip;<\/p>\n","protected":false},"author":2,"featured_media":17790,"comment_status":"open","ping_status":"open","sticky":false,"template":"","format":"standard","meta":{"om_disable_all_campaigns":false,"_monsterinsights_skip_tracking":false,"_monsterinsights_sitenote_active":false,"_monsterinsights_sitenote_note":"","_monsterinsights_sitenote_category":0,"footnotes":""},"categories":[70,20,69,32,3],"tags":[671,2524,2668,47,212],"class_list":["post-17789","post","type-post","status-publish","format-standard","has-post-thumbnail","hentry","category-destaques","category-educacao","category-noticias2","category-regiao","category-ribeira-do-pombal","tag-audiencia-publica","tag-cpm","tag-educacao-militar","tag-ribeira-do-pombal","tag-secretaria-de-educacao"],"aioseo_notices":[],"_links":{"self":[{"href":"https:\/\/www.portalalerta.com.br\/index.php\/wp-json\/wp\/v2\/posts\/17789","targetHints":{"allow":["GET"]}}],"collection":[{"href":"https:\/\/www.portalalerta.com.br\/index.php\/wp-json\/wp\/v2\/posts"}],"about":[{"href":"https:\/\/www.portalalerta.com.br\/index.php\/wp-json\/wp\/v2\/types\/post"}],"author":[{"embeddable":true,"href":"https:\/\/www.portalalerta.com.br\/index.php\/wp-json\/wp\/v2\/users\/2"}],"replies":[{"embeddable":true,"href":"https:\/\/www.portalalerta.com.br\/index.php\/wp-json\/wp\/v2\/comments?post=17789"}],"version-history":[{"count":0,"href":"https:\/\/www.portalalerta.com.br\/index.php\/wp-json\/wp\/v2\/posts\/17789\/revisions"}],"wp:featuredmedia":[{"embeddable":true,"href":"https:\/\/www.portalalerta.com.br\/index.php\/wp-json\/wp\/v2\/media\/17790"}],"wp:attachment":[{"href":"https:\/\/www.portalalerta.com.br\/index.php\/wp-json\/wp\/v2\/media?parent=17789"}],"wp:term":[{"taxonomy":"category","embeddable":true,"href":"https:\/\/www.portalalerta.com.br\/index.php\/wp-json\/wp\/v2\/categories?post=17789"},{"taxonomy":"post_tag","embeddable":true,"href":"https:\/\/www.portalalerta.com.br\/index.php\/wp-json\/wp\/v2\/tags?post=17789"}],"curies":[{"name":"wp","href":"https:\/\/api.w.org\/{rel}","templated":true}]}}