{"id":17792,"date":"2019-06-20T15:23:04","date_gmt":"2019-06-20T18:23:04","guid":{"rendered":"http:\/\/www.portalalerta.com.br\/?p=17792"},"modified":"2019-06-20T15:23:04","modified_gmt":"2019-06-20T18:23:04","slug":"confundido-com-pm-reporter-da-tv-bahia-e-agredido-durante-assalto-em-acajutiba-ba","status":"publish","type":"post","link":"https:\/\/www.portalalerta.com.br\/index.php\/2019\/06\/20\/confundido-com-pm-reporter-da-tv-bahia-e-agredido-durante-assalto-em-acajutiba-ba\/","title":{"rendered":"Confundido com PM, rep\u00f3rter da TV Bahia \u00e9 agredido durante assalto em Acajutiba-BA"},"content":{"rendered":"<p style=\"text-align: justify;\">Rep\u00f3rter da TV Bahia, o jornalista Jony Torres passou por momentos de horror, na segunda-feira (17), em Acajutiba, na Bahia. Contatado pela reportagem, ele contou que foi confundido com um policial militar, o que agravou o quadro de nervosismo dos bandidos.<!--more--><\/p>\n<p style=\"text-align: justify;\">\u201cOs caras acharam meu rosto conhecido e um deles, que parecia ser adolescente, achou que eu era policial. A\u00ed me colocaram na mala do carro\u201d, contou.<\/p>\n<p style=\"text-align: justify;\"><img fetchpriority=\"high\" decoding=\"async\" class=\"size-thumbnail wp-image-4869 aligncenter\" src=\"http:\/\/www.portalalerta.com.br\/wp-content\/uploads\/2018\/02\/Auto-Escola-Nobre-720x181.jpg\" alt=\"\" width=\"720\" height=\"181\" srcset=\"https:\/\/www.portalalerta.com.br\/wp-content\/uploads\/2018\/02\/Auto-Escola-Nobre.jpg 720w, https:\/\/www.portalalerta.com.br\/wp-content\/uploads\/2018\/02\/Auto-Escola-Nobre-260x65.jpg 260w, https:\/\/www.portalalerta.com.br\/wp-content\/uploads\/2018\/02\/Auto-Escola-Nobre-50x13.jpg 50w, https:\/\/www.portalalerta.com.br\/wp-content\/uploads\/2018\/02\/Auto-Escola-Nobre-150x38.jpg 150w\" sizes=\"(max-width: 720px) 100vw, 720px\" \/>Ainda de acordo com ele, o crime durou meia hora. Durante esse tempo, ele foi agredido. \u201cMe bateram e ficaram indignados, pois eu estava sem celular. Foi mais agress\u00e3o psicol\u00f3gico do que f\u00edsica\u201d, narrou.<\/p>\n<p style=\"text-align: justify;\">Os suspeitos atearam fogo no carro do jornalista, que estava na cidade para visitar a fam\u00edlia. \u201cN\u00e3o era para eu estar l\u00e1. Fui sem me programar\u201d, lamentou. Ap\u00f3s o registro na delegacia local, Torres diz que teve apoio da Pol\u00edcia Militar e da Pol\u00edcia Civil. \u201cEles foram muito competentes, prestativos. Hoje j\u00e1 fizeram v\u00e1rias dilig\u00eancias\u201d.<\/p>\n<p style=\"text-align: justify;\">Ap\u00f3s o epis\u00f3dio, ele decidiu voltar ter\u00e7a-feira (18) mesmo para a capital.<\/p>\n<p style=\"text-align: justify;\"><em>Fonte: R\u00e1dio Povo<\/em><\/p>\n<p style=\"text-align: justify;\"><em>Com informa\u00e7\u00f5es: Metro1<\/em><\/p>\n","protected":false},"excerpt":{"rendered":"<p>Rep\u00f3rter da TV Bahia, o jornalista Jony Torres passou por momentos de horror, na segunda-feira (17), em Acajutiba, na Bahia. Contatado pela reportagem, ele contou que foi confundido com um policial militar, o que agravou o quadro de nervosismo dos bandidos.<\/p>\n","protected":false},"author":2,"featured_media":17793,"comment_status":"open","ping_status":"open","sticky":false,"template":"","format":"standard","meta":{"om_disable_all_campaigns":false,"_monsterinsights_skip_tracking":false,"_monsterinsights_sitenote_active":false,"_monsterinsights_sitenote_note":"","_monsterinsights_sitenote_category":0,"footnotes":""},"categories":[33,70,69,22],"tags":[2283,286,54,1677,2699],"class_list":["post-17792","post","type-post","status-publish","format-standard","has-post-thumbnail","hentry","category-bahia","category-destaques","category-noticias2","category-seguranca","tag-acajutiba","tag-assalto","tag-bahia","tag-reporter","tag-tv-bahia"],"aioseo_notices":[],"_links":{"self":[{"href":"https:\/\/www.portalalerta.com.br\/index.php\/wp-json\/wp\/v2\/posts\/17792","targetHints":{"allow":["GET"]}}],"collection":[{"href":"https:\/\/www.portalalerta.com.br\/index.php\/wp-json\/wp\/v2\/posts"}],"about":[{"href":"https:\/\/www.portalalerta.com.br\/index.php\/wp-json\/wp\/v2\/types\/post"}],"author":[{"embeddable":true,"href":"https:\/\/www.portalalerta.com.br\/index.php\/wp-json\/wp\/v2\/users\/2"}],"replies":[{"embeddable":true,"href":"https:\/\/www.portalalerta.com.br\/index.php\/wp-json\/wp\/v2\/comments?post=17792"}],"version-history":[{"count":0,"href":"https:\/\/www.portalalerta.com.br\/index.php\/wp-json\/wp\/v2\/posts\/17792\/revisions"}],"wp:featuredmedia":[{"embeddable":true,"href":"https:\/\/www.portalalerta.com.br\/index.php\/wp-json\/wp\/v2\/media\/17793"}],"wp:attachment":[{"href":"https:\/\/www.portalalerta.com.br\/index.php\/wp-json\/wp\/v2\/media?parent=17792"}],"wp:term":[{"taxonomy":"category","embeddable":true,"href":"https:\/\/www.portalalerta.com.br\/index.php\/wp-json\/wp\/v2\/categories?post=17792"},{"taxonomy":"post_tag","embeddable":true,"href":"https:\/\/www.portalalerta.com.br\/index.php\/wp-json\/wp\/v2\/tags?post=17792"}],"curies":[{"name":"wp","href":"https:\/\/api.w.org\/{rel}","templated":true}]}}