{"id":17795,"date":"2019-06-20T15:37:04","date_gmt":"2019-06-20T18:37:04","guid":{"rendered":"http:\/\/www.portalalerta.com.br\/?p=17795"},"modified":"2019-06-20T15:37:04","modified_gmt":"2019-06-20T18:37:04","slug":"denuncia-carga-de-frango-supostamente-irregular-e-flagrada-sendo-descarregada-em-supermercado-no-centro-de-ribeira-do-pombal-ba","status":"publish","type":"post","link":"https:\/\/www.portalalerta.com.br\/index.php\/2019\/06\/20\/denuncia-carga-de-frango-supostamente-irregular-e-flagrada-sendo-descarregada-em-supermercado-no-centro-de-ribeira-do-pombal-ba\/","title":{"rendered":"Den\u00fancia! Carga de frango supostamente irregular, \u00e9 flagrada sendo descarregada em Supermercado no centro de Ribeira do Pombal-BA"},"content":{"rendered":"<p style=\"text-align: justify;\">Na manh\u00e3 da \u00faltima quarta-feira, 19, um internauta enviou imagens em que mostram uma carga de frango abatido, transportado supostamente de forma irregular, sendo descarregada num Supermercado situado entre a Rua Jo\u00e3o Fernandes da Gama (Rua da Ribeira) e a Av. Ferreira Brito, centro de Ribeira do Pombal-BA.<!--more--><\/p>\n<p style=\"text-align: justify;\">Na imagem \u00e9 poss\u00edvel ver claramente a carga descoberta, exposta ao tempo, bem como a outras formas de contamina\u00e7\u00e3o, tomando como exemplo a proximidade de um cachorro, que se encontrava ao lado da Picape Fiat Strada, onde estava acondicionado o referido alimento.<\/p>\n<p style=\"text-align: justify;\">Ainda de acordo com o denunciante, o ve\u00edculo chegou ao local sem nenhuma prote\u00e7\u00e3o na carroceria, momento em que o clima estava chuvoso, o que agrava ainda mais a den\u00fancia.<\/p>\n<p style=\"text-align: justify;\">Munido das imagens, o <strong>PORTAL ALERTA<\/strong> procurou os respons\u00e1veis pelo estabelecimento comercial, bem como \u00e0 Vigil\u00e2ncia Sanit\u00e1ria do Munic\u00edpio, e a Ag\u00eancia de Defesa Agropecu\u00e1ria da Bahia (ADAB), obtendo as seguintes repostas:<\/p>\n<p style=\"text-align: justify;\"><span style=\"text-decoration: underline;\"><strong><img fetchpriority=\"high\" decoding=\"async\" class=\"size-full wp-image-2867 aligncenter\" src=\"http:\/\/www.portalalerta.com.br\/wp-content\/uploads\/2017\/11\/protege-1.jpg\" alt=\"\" width=\"600\" height=\"140\" \/>Vigil\u00e2ncia Sanit\u00e1ria \u2013<\/strong> <\/span>De acordo com representantes da Vigil\u00e2ncia Sanit\u00e1ria, a fiscaliza\u00e7\u00e3o quanto ao <strong>TRANSPORTE<\/strong> de produtos de origem animal, n\u00e3o \u00e9 de responsabilidade do referido \u00f3rg\u00e3o, mas sim da ADAB, tendo como base o Artigo 12 da Lei N\u00ba 12.215, que disp\u00f5e sobre o servi\u00e7o de Inspe\u00e7\u00e3o Sanit\u00e1ria e Industrial de Produtos de Origem Animal no Estado da Bahia. Por\u00e9m, diante da den\u00fancia feita pelo <strong>PORTAL ALERTA<\/strong>, representantes da Vigil\u00e2ncia Sanit\u00e1ria, foram at\u00e9 o Supermercado em quest\u00e3o, onde fiscalizaram o <strong>AMBIENTE INTERNO<\/strong>, no que se refere ao armazenamento dos referidos produtos. Ap\u00f3s a visita, n\u00e3o foi constatada nenhuma irregularidade, tendo em vista que, os frangos dispon\u00edveis para a venda se encontravam armazenados em C\u00e2maras Frigor\u00edficas, e segundo o \u00f3rg\u00e3o n\u00e3o aparentavam est\u00e1 estragados.<\/p>\n<p style=\"text-align: justify;\"><span style=\"text-decoration: underline;\"><strong>ADAB \u2013<\/strong><\/span> Foi feita uma den\u00fancia informal, onde ap\u00f3s solicita\u00e7\u00e3o dos representantes do \u00f3rg\u00e3o estadual, foram repassadas as imagens utilizadas na a\u00e7\u00e3o inicial. A ADAB ficou de investigar o caso.<\/p>\n<p style=\"text-align: justify;\"><span style=\"text-decoration: underline;\"><strong>Supermercado \u2013<\/strong><\/span> Em contato com uma representante do Estabelecimento comercial, o <strong>PORTAL ALERTA<\/strong> foi informado que o caso j\u00e1 \u00e9 de conhecimento da empresa, e que ser\u00e1 investigado, para saber o que de fato aconteceu, tendo em vista que, este tipo de procedimento n\u00e3o est\u00e1 de acordo com os adotados pela mesma, pois esta <strong><em>\u201cpreza pela higiene local, bem como o bem estar dos seus clientes\u201d<\/em><\/strong>, e caso seja constatada alguma irregularidade, os respons\u00e1veis ser\u00e3o punidos administrativamente. Quanto ao ve\u00edculo utilizado, se trata de uma medida tempor\u00e1ria, j\u00e1 que o Caminh\u00e3o Ba\u00fa destinado ao transporte de alimentos, se encontra em manuten\u00e7\u00e3o. Ainda na oportunidade o Supermercado se desculpou pelo ocorrido, e garantiu que est\u00e1 adotando medidas para que fatos semelhantes n\u00e3o voltem a se repetir.<\/p>\n<p style=\"text-align: justify;\">\u00a0<a href=\"http:\/\/www.facebook.com.br\/pombalalerta\"><strong style=\"font-style: inherit;\">Curta nossa p\u00e1gina no facebook, e continue atualizado sobre tudo o que acontece em sua cidade!<\/strong><\/a><\/p>\n<p style=\"text-align: justify;\"><a href=\"https:\/\/play.google.com\/store\/apps\/details?id=com.globalstore.pombalalerta&amp;hl=pt_BR\"><strong style=\"font-style: inherit;\">Baixe o nosso aplicativo, e fique de olho na not\u00edcia!<\/strong><\/a><\/p>\n<p style=\"text-align: justify;\"><em style=\"font-weight: inherit;\">Reda\u00e7\u00e3o: Portal Alerta<\/em><\/p>\n","protected":false},"excerpt":{"rendered":"<p>Na manh\u00e3 da \u00faltima quarta-feira, 19, um internauta enviou imagens em que mostram uma carga de frango abatido, transportado supostamente de forma irregular, sendo descarregada num Supermercado situado entre a Rua Jo\u00e3o Fernandes da Gama (Rua da Ribeira) e a Av. Ferreira Brito, centro de Ribeira do Pombal-BA.<\/p>\n","protected":false},"author":2,"featured_media":17796,"comment_status":"open","ping_status":"open","sticky":false,"template":"","format":"standard","meta":{"om_disable_all_campaigns":false,"_monsterinsights_skip_tracking":false,"_monsterinsights_sitenote_active":false,"_monsterinsights_sitenote_note":"","_monsterinsights_sitenote_category":0,"footnotes":""},"categories":[70,69,32,3],"tags":[507,152,47,2251,2883,2884],"class_list":["post-17795","post","type-post","status-publish","format-standard","has-post-thumbnail","hentry","category-destaques","category-noticias2","category-regiao","category-ribeira-do-pombal","tag-adab","tag-denuncia","tag-ribeira-do-pombal","tag-supermercado","tag-transporte-irregular","tag-vigilancia-sanitaria"],"aioseo_notices":[],"_links":{"self":[{"href":"https:\/\/www.portalalerta.com.br\/index.php\/wp-json\/wp\/v2\/posts\/17795","targetHints":{"allow":["GET"]}}],"collection":[{"href":"https:\/\/www.portalalerta.com.br\/index.php\/wp-json\/wp\/v2\/posts"}],"about":[{"href":"https:\/\/www.portalalerta.com.br\/index.php\/wp-json\/wp\/v2\/types\/post"}],"author":[{"embeddable":true,"href":"https:\/\/www.portalalerta.com.br\/index.php\/wp-json\/wp\/v2\/users\/2"}],"replies":[{"embeddable":true,"href":"https:\/\/www.portalalerta.com.br\/index.php\/wp-json\/wp\/v2\/comments?post=17795"}],"version-history":[{"count":0,"href":"https:\/\/www.portalalerta.com.br\/index.php\/wp-json\/wp\/v2\/posts\/17795\/revisions"}],"wp:featuredmedia":[{"embeddable":true,"href":"https:\/\/www.portalalerta.com.br\/index.php\/wp-json\/wp\/v2\/media\/17796"}],"wp:attachment":[{"href":"https:\/\/www.portalalerta.com.br\/index.php\/wp-json\/wp\/v2\/media?parent=17795"}],"wp:term":[{"taxonomy":"category","embeddable":true,"href":"https:\/\/www.portalalerta.com.br\/index.php\/wp-json\/wp\/v2\/categories?post=17795"},{"taxonomy":"post_tag","embeddable":true,"href":"https:\/\/www.portalalerta.com.br\/index.php\/wp-json\/wp\/v2\/tags?post=17795"}],"curies":[{"name":"wp","href":"https:\/\/api.w.org\/{rel}","templated":true}]}}