{"id":17798,"date":"2019-06-21T14:51:12","date_gmt":"2019-06-21T17:51:12","guid":{"rendered":"http:\/\/www.portalalerta.com.br\/?p=17798"},"modified":"2019-06-21T14:51:12","modified_gmt":"2019-06-21T17:51:12","slug":"justica-condena-filhos-de-maluf-por-lavagem-de-dinheiro","status":"publish","type":"post","link":"https:\/\/www.portalalerta.com.br\/index.php\/2019\/06\/21\/justica-condena-filhos-de-maluf-por-lavagem-de-dinheiro\/","title":{"rendered":"Justi\u00e7a condena filhos de Maluf por lavagem de dinheiro"},"content":{"rendered":"<p style=\"text-align: justify;\">O ju\u00edzo da 2\u00aa Vara Federal Criminal de S\u00e3o Paulo condenou nesta quarta-feira, 19, Flavio Maluf, Ligia Maluf Curi e Lina Maluf Alves, por lavagem de dinheiro. Fl\u00e1vio Maluf ter\u00e1 de cumprir oito anos de reclus\u00e3o em regime fechado. J\u00e1 suas irm\u00e3s, Ligia e Lina, foram sentenciadas a quatro anos de pris\u00e3o em regime semiaberto.<!--more--><\/p>\n<p style=\"text-align: justify;\"><img fetchpriority=\"high\" decoding=\"async\" class=\"size-thumbnail wp-image-17617 aligncenter\" src=\"http:\/\/www.portalalerta.com.br\/wp-content\/uploads\/2019\/06\/Real-S\u00e3o-Jo\u00e3o-2019-1-631x240.jpg\" alt=\"\" width=\"631\" height=\"240\" srcset=\"https:\/\/www.portalalerta.com.br\/wp-content\/uploads\/2019\/06\/Real-S\u00e3o-Jo\u00e3o-2019-1-631x240.jpg 631w, https:\/\/www.portalalerta.com.br\/wp-content\/uploads\/2019\/06\/Real-S\u00e3o-Jo\u00e3o-2019-1-260x99.jpg 260w, https:\/\/www.portalalerta.com.br\/wp-content\/uploads\/2019\/06\/Real-S\u00e3o-Jo\u00e3o-2019-1-50x19.jpg 50w, https:\/\/www.portalalerta.com.br\/wp-content\/uploads\/2019\/06\/Real-S\u00e3o-Jo\u00e3o-2019-1-150x57.jpg 150w, https:\/\/www.portalalerta.com.br\/wp-content\/uploads\/2019\/06\/Real-S\u00e3o-Jo\u00e3o-2019-1.jpg 720w\" sizes=\"(max-width: 631px) 100vw, 631px\" \/>Os tr\u00eas filhos do ex-prefeito da capital paulista Paulo Maluf s\u00e3o acusados de ocultar valores provenientes de crimes contra a administra\u00e7\u00e3o p\u00fablica. A den\u00fancia foi oferecida pelo Minist\u00e9rio P\u00fablico em dezembro de 2006.<\/p>\n<p style=\"text-align: justify;\">Procurada, a defesa dos filhos de Maluf informou que ainda n\u00e3o teve acesso \u00e0 senten\u00e7a e que vai se pronunciar quando isso ocorrer.<\/p>\n<p style=\"text-align: justify;\"><em>Fonte: Canabrava FM<\/em><\/p>\n<p style=\"text-align: justify;\"><em>Com informa\u00e7\u00f5es: Ag\u00eancia Brasil<\/em><\/p>\n","protected":false},"excerpt":{"rendered":"<p>O ju\u00edzo da 2\u00aa Vara Federal Criminal de S\u00e3o Paulo condenou nesta quarta-feira, 19, Flavio Maluf, Ligia Maluf Curi e Lina Maluf Alves, por lavagem de dinheiro. Fl\u00e1vio Maluf ter\u00e1 de cumprir oito anos de reclus\u00e3o em regime fechado. J\u00e1 suas irm\u00e3s, Ligia e Lina, foram sentenciadas a quatro anos de pris\u00e3o em regime semiaberto.<\/p>\n","protected":false},"author":2,"featured_media":3256,"comment_status":"open","ping_status":"open","sticky":false,"template":"","format":"standard","meta":{"om_disable_all_campaigns":false,"_monsterinsights_skip_tracking":false,"_monsterinsights_sitenote_active":false,"_monsterinsights_sitenote_note":"","_monsterinsights_sitenote_category":0,"footnotes":""},"categories":[34,70,69,21],"tags":[316,2877,270,1044,347,404,376],"class_list":["post-17798","post","type-post","status-publish","format-standard","has-post-thumbnail","hentry","category-brasil","category-destaques","category-noticias2","category-politica","tag-condenacao","tag-filhos","tag-justica","tag-lavagem-de-dinheiro","tag-paulo-maluf","tag-sao-paulo","tag-tribunal-de-justica"],"aioseo_notices":[],"_links":{"self":[{"href":"https:\/\/www.portalalerta.com.br\/index.php\/wp-json\/wp\/v2\/posts\/17798","targetHints":{"allow":["GET"]}}],"collection":[{"href":"https:\/\/www.portalalerta.com.br\/index.php\/wp-json\/wp\/v2\/posts"}],"about":[{"href":"https:\/\/www.portalalerta.com.br\/index.php\/wp-json\/wp\/v2\/types\/post"}],"author":[{"embeddable":true,"href":"https:\/\/www.portalalerta.com.br\/index.php\/wp-json\/wp\/v2\/users\/2"}],"replies":[{"embeddable":true,"href":"https:\/\/www.portalalerta.com.br\/index.php\/wp-json\/wp\/v2\/comments?post=17798"}],"version-history":[{"count":0,"href":"https:\/\/www.portalalerta.com.br\/index.php\/wp-json\/wp\/v2\/posts\/17798\/revisions"}],"wp:featuredmedia":[{"embeddable":true,"href":"https:\/\/www.portalalerta.com.br\/index.php\/wp-json\/wp\/v2\/media\/3256"}],"wp:attachment":[{"href":"https:\/\/www.portalalerta.com.br\/index.php\/wp-json\/wp\/v2\/media?parent=17798"}],"wp:term":[{"taxonomy":"category","embeddable":true,"href":"https:\/\/www.portalalerta.com.br\/index.php\/wp-json\/wp\/v2\/categories?post=17798"},{"taxonomy":"post_tag","embeddable":true,"href":"https:\/\/www.portalalerta.com.br\/index.php\/wp-json\/wp\/v2\/tags?post=17798"}],"curies":[{"name":"wp","href":"https:\/\/api.w.org\/{rel}","templated":true}]}}