{"id":17800,"date":"2019-06-21T14:56:49","date_gmt":"2019-06-21T17:56:49","guid":{"rendered":"http:\/\/www.portalalerta.com.br\/?p=17800"},"modified":"2019-06-21T14:56:49","modified_gmt":"2019-06-21T17:56:49","slug":"policial-militar-e-morto-a-tiros-em-euclides-da-cunha-ba","status":"publish","type":"post","link":"https:\/\/www.portalalerta.com.br\/index.php\/2019\/06\/21\/policial-militar-e-morto-a-tiros-em-euclides-da-cunha-ba\/","title":{"rendered":"Policial militar \u00e9 morto a tiros em Euclides da Cunha-BA"},"content":{"rendered":"<p style=\"text-align: justify;\">Um cabo da Pol\u00edcia Militar identificado como Erisvaldo dos Santos Pereira, lotado no 5\u00ba batalh\u00e3o da PM de Euclides da Cunha-BA, foi encontrado morto na manh\u00e3 desta sexta-feira (21), \u00e0s margens de uma estrada nas imedia\u00e7\u00f5es do anel rodovi\u00e1rio, no referido munic\u00edpio.<!--more--><\/p>\n<p style=\"text-align: justify;\"><img fetchpriority=\"high\" decoding=\"async\" class=\"size-full wp-image-2902 alignleft\" src=\"http:\/\/www.portalalerta.com.br\/wp-content\/uploads\/2017\/11\/elab-2.jpg\" alt=\"\" width=\"310\" height=\"200\" srcset=\"https:\/\/www.portalalerta.com.br\/wp-content\/uploads\/2017\/11\/elab-2.jpg 310w, https:\/\/www.portalalerta.com.br\/wp-content\/uploads\/2017\/11\/elab-2-226x146.jpg 226w, https:\/\/www.portalalerta.com.br\/wp-content\/uploads\/2017\/11\/elab-2-50x32.jpg 50w, https:\/\/www.portalalerta.com.br\/wp-content\/uploads\/2017\/11\/elab-2-116x75.jpg 116w\" sizes=\"(max-width: 310px) 100vw, 310px\" \/>Informa\u00e7\u00f5es preliminares apontam que a v\u00edtima foi atingida nas costas por disparos de pistola .40. A arma e o aparelho celular do policial teriam sido roubados. As circunst\u00e2ncias do crime ser\u00e3o investigadas pela Pol\u00edcia Civil.<\/p>\n<p style=\"text-align: justify;\">O militar, que residia em Paulo Afonso, n\u00e3o estava fardado quando foi baleado. Procurado, o departamento de comunica\u00e7\u00e3o da PM-BA ainda n\u00e3o emitiu nota sobre o caso. Tamb\u00e9m procurado pela reportagem, o 5\u00ba BPM informou que n\u00e3o passaria informa\u00e7\u00f5es por telefone, conforme orienta\u00e7\u00e3o superior.<\/p>\n<p style=\"text-align: justify;\"><em>Fonte: Boc\u00e3o News<\/em><\/p>\n","protected":false},"excerpt":{"rendered":"<p>Um cabo da Pol\u00edcia Militar identificado como Erisvaldo dos Santos Pereira, lotado no 5\u00ba batalh\u00e3o da PM de Euclides da Cunha-BA, foi encontrado morto na manh\u00e3 desta sexta-feira (21), \u00e0s margens de uma estrada nas imedia\u00e7\u00f5es do anel rodovi\u00e1rio, no referido munic\u00edpio.<\/p>\n","protected":false},"author":2,"featured_media":17801,"comment_status":"open","ping_status":"open","sticky":false,"template":"","format":"standard","meta":{"om_disable_all_campaigns":false,"_monsterinsights_skip_tracking":false,"_monsterinsights_sitenote_active":false,"_monsterinsights_sitenote_note":"","_monsterinsights_sitenote_category":0,"footnotes":""},"categories":[70,17,69,32,22],"tags":[128,129,206,169,79,504],"class_list":["post-17800","post","type-post","status-publish","format-standard","has-post-thumbnail","hentry","category-destaques","category-euclides-da-cunha","category-noticias2","category-regiao","category-seguranca","tag-disparo-de-arma-de-fogo","tag-euclides-da-cunha","tag-homicidio","tag-morte","tag-policia-militar","tag-policial"],"aioseo_notices":[],"_links":{"self":[{"href":"https:\/\/www.portalalerta.com.br\/index.php\/wp-json\/wp\/v2\/posts\/17800","targetHints":{"allow":["GET"]}}],"collection":[{"href":"https:\/\/www.portalalerta.com.br\/index.php\/wp-json\/wp\/v2\/posts"}],"about":[{"href":"https:\/\/www.portalalerta.com.br\/index.php\/wp-json\/wp\/v2\/types\/post"}],"author":[{"embeddable":true,"href":"https:\/\/www.portalalerta.com.br\/index.php\/wp-json\/wp\/v2\/users\/2"}],"replies":[{"embeddable":true,"href":"https:\/\/www.portalalerta.com.br\/index.php\/wp-json\/wp\/v2\/comments?post=17800"}],"version-history":[{"count":0,"href":"https:\/\/www.portalalerta.com.br\/index.php\/wp-json\/wp\/v2\/posts\/17800\/revisions"}],"wp:featuredmedia":[{"embeddable":true,"href":"https:\/\/www.portalalerta.com.br\/index.php\/wp-json\/wp\/v2\/media\/17801"}],"wp:attachment":[{"href":"https:\/\/www.portalalerta.com.br\/index.php\/wp-json\/wp\/v2\/media?parent=17800"}],"wp:term":[{"taxonomy":"category","embeddable":true,"href":"https:\/\/www.portalalerta.com.br\/index.php\/wp-json\/wp\/v2\/categories?post=17800"},{"taxonomy":"post_tag","embeddable":true,"href":"https:\/\/www.portalalerta.com.br\/index.php\/wp-json\/wp\/v2\/tags?post=17800"}],"curies":[{"name":"wp","href":"https:\/\/api.w.org\/{rel}","templated":true}]}}