{"id":17834,"date":"2019-06-23T12:20:55","date_gmt":"2019-06-23T15:20:55","guid":{"rendered":"http:\/\/www.portalalerta.com.br\/?p=17834"},"modified":"2019-06-23T12:20:55","modified_gmt":"2019-06-23T15:20:55","slug":"foragido-da-justica-pernambucana-e-capturado-em-ribeira-do-pombal-ba","status":"publish","type":"post","link":"https:\/\/www.portalalerta.com.br\/index.php\/2019\/06\/23\/foragido-da-justica-pernambucana-e-capturado-em-ribeira-do-pombal-ba\/","title":{"rendered":"Foragido da Justi\u00e7a Pernambucana \u00e9 capturado em Ribeira do Pombal-BA"},"content":{"rendered":"<p style=\"text-align: justify;\">Por volta das 11:00hs da \u00faltima quinta-feira,20, policiais militares da CIPE Nordeste que se encontravam na BR 110 em Ribeira do Pombal-BA, na execu\u00e7\u00e3o da Opera\u00e7\u00e3o S\u00e3o Jo\u00e3o, capturaram um foragido da justi\u00e7a pernambucana<!--more--><\/p>\n<p style=\"text-align: justify;\"><img fetchpriority=\"high\" decoding=\"async\" class=\"size-full wp-image-2902 alignleft\" src=\"http:\/\/www.portalalerta.com.br\/wp-content\/uploads\/2017\/11\/elab-2.jpg\" alt=\"\" width=\"310\" height=\"200\" srcset=\"https:\/\/www.portalalerta.com.br\/wp-content\/uploads\/2017\/11\/elab-2.jpg 310w, https:\/\/www.portalalerta.com.br\/wp-content\/uploads\/2017\/11\/elab-2-226x146.jpg 226w, https:\/\/www.portalalerta.com.br\/wp-content\/uploads\/2017\/11\/elab-2-50x32.jpg 50w, https:\/\/www.portalalerta.com.br\/wp-content\/uploads\/2017\/11\/elab-2-116x75.jpg 116w\" sizes=\"(max-width: 310px) 100vw, 310px\" \/>Na ocasi\u00e3o, os militares abordaram um ve\u00edculo GM\/ Classic de cor preta, placa policial PDL 5141, com licen\u00e7a de Bom Conselho-PE. No interior do carro, estava Regivaldo Bispo Queiroz, cuja imagem n\u00e3o foi divulgada, e que tinha em seu desfavor um Mandado de Pris\u00e3o em aberto pela pr\u00e1tica de roubo qualificado, crime cometido em seu Estado de origem.<\/p>\n<p style=\"text-align: justify;\">Em cumprimento ao citado Mandado de Pris\u00e3o, Regivaldo foi conduzido para a Delegacia de Pol\u00edcia Civil de Euclides da Cunha-BA, onde foi apresentado para a ado\u00e7\u00e3o das medidas cab\u00edveis.<\/p>\n<p style=\"text-align: justify;\"><a href=\"http:\/\/www.facebook.com.br\/pombalalerta\"><strong>Curta nossa p\u00e1gina no facebook, e continue atualizado sobre tudo o que acontece em sua cidade!<\/strong><\/a><\/p>\n<p style=\"text-align: justify;\"><a href=\"https:\/\/play.google.com\/store\/apps\/details?id=com.globalstore.pombalalerta&amp;hl=pt_BR\"><strong>Baixe o nosso aplicativo, e fique de olho na not\u00edcia!<\/strong><\/a><\/p>\n<p style=\"text-align: justify;\"><em>Reda\u00e7\u00e3o: Portal Alerta<\/em><\/p>\n<p style=\"text-align: justify;\">\n","protected":false},"excerpt":{"rendered":"<p>Por volta das 11:00hs da \u00faltima quinta-feira,20, policiais militares da CIPE Nordeste que se encontravam na BR 110 em Ribeira do Pombal-BA, na execu\u00e7\u00e3o da Opera\u00e7\u00e3o S\u00e3o Jo\u00e3o, capturaram um foragido da justi\u00e7a pernambucana<\/p>\n","protected":false},"author":2,"featured_media":16137,"comment_status":"open","ping_status":"open","sticky":false,"template":"","format":"standard","meta":{"om_disable_all_campaigns":false,"_monsterinsights_skip_tracking":false,"_monsterinsights_sitenote_active":false,"_monsterinsights_sitenote_note":"","_monsterinsights_sitenote_category":0,"footnotes":""},"categories":[70,32,3,22],"tags":[167,488,455,79,77,47,367],"class_list":["post-17834","post","type-post","status-publish","format-standard","has-post-thumbnail","hentry","category-destaques","category-regiao","category-ribeira-do-pombal","category-seguranca","tag-cipe-nordeste","tag-mandado-de-prisao","tag-pernambuco","tag-policia-militar","tag-preso","tag-ribeira-do-pombal","tag-roubo"],"aioseo_notices":[],"_links":{"self":[{"href":"https:\/\/www.portalalerta.com.br\/index.php\/wp-json\/wp\/v2\/posts\/17834","targetHints":{"allow":["GET"]}}],"collection":[{"href":"https:\/\/www.portalalerta.com.br\/index.php\/wp-json\/wp\/v2\/posts"}],"about":[{"href":"https:\/\/www.portalalerta.com.br\/index.php\/wp-json\/wp\/v2\/types\/post"}],"author":[{"embeddable":true,"href":"https:\/\/www.portalalerta.com.br\/index.php\/wp-json\/wp\/v2\/users\/2"}],"replies":[{"embeddable":true,"href":"https:\/\/www.portalalerta.com.br\/index.php\/wp-json\/wp\/v2\/comments?post=17834"}],"version-history":[{"count":0,"href":"https:\/\/www.portalalerta.com.br\/index.php\/wp-json\/wp\/v2\/posts\/17834\/revisions"}],"wp:featuredmedia":[{"embeddable":true,"href":"https:\/\/www.portalalerta.com.br\/index.php\/wp-json\/wp\/v2\/media\/16137"}],"wp:attachment":[{"href":"https:\/\/www.portalalerta.com.br\/index.php\/wp-json\/wp\/v2\/media?parent=17834"}],"wp:term":[{"taxonomy":"category","embeddable":true,"href":"https:\/\/www.portalalerta.com.br\/index.php\/wp-json\/wp\/v2\/categories?post=17834"},{"taxonomy":"post_tag","embeddable":true,"href":"https:\/\/www.portalalerta.com.br\/index.php\/wp-json\/wp\/v2\/tags?post=17834"}],"curies":[{"name":"wp","href":"https:\/\/api.w.org\/{rel}","templated":true}]}}