{"id":17839,"date":"2019-06-23T12:47:23","date_gmt":"2019-06-23T15:47:23","guid":{"rendered":"http:\/\/www.portalalerta.com.br\/?p=17839"},"modified":"2019-06-23T12:47:23","modified_gmt":"2019-06-23T15:47:23","slug":"tres-homicidios-sao-registrados-em-euclides-da-cunha-ba","status":"publish","type":"post","link":"https:\/\/www.portalalerta.com.br\/index.php\/2019\/06\/23\/tres-homicidios-sao-registrados-em-euclides-da-cunha-ba\/","title":{"rendered":"Tr\u00eas Homic\u00eddios s\u00e3o registrados em Euclides da Cunha-BA"},"content":{"rendered":"<p style=\"text-align: justify;\">Na noite de \u00faltima sexta-feira, 21, dois homens foram assassinados \u00e0 tiros, em Euclides da Cunha-BA. O crime aconteceu no bairro Populares, quando um a dupla identificada como \u201cGegeu\u201d e \u201cCosme Camb\u00e3o\u201d foi alvejada pelos disparos.<!--more--><\/p>\n<p style=\"text-align: justify;\">As v\u00edtimas estavam juntas no momento do ataque, sendo que uma delas teve o seu \u00f3bito confirmado no local, sendo que a outra chegou a ser socorrida com vida para o Hospital Municipal ACM\/ Portugu\u00eas, por\u00e9m n\u00e3o resistiu e evoluiu \u00e0 \u00f3bito.<\/p>\n<figure id=\"attachment_17840\" aria-describedby=\"caption-attachment-17840\" style=\"width: 400px\" class=\"wp-caption aligncenter\"><img fetchpriority=\"high\" decoding=\"async\" class=\"wp-image-17840 size-full\" src=\"http:\/\/www.portalalerta.com.br\/wp-content\/uploads\/2019\/06\/homic\u00eddio-em-Euclides-da-Cunha-2019.2.jpg\" alt=\"\" width=\"400\" height=\"300\" srcset=\"https:\/\/www.portalalerta.com.br\/wp-content\/uploads\/2019\/06\/homic\u00eddio-em-Euclides-da-Cunha-2019.2.jpg 400w, https:\/\/www.portalalerta.com.br\/wp-content\/uploads\/2019\/06\/homic\u00eddio-em-Euclides-da-Cunha-2019.2-320x240.jpg 320w, https:\/\/www.portalalerta.com.br\/wp-content\/uploads\/2019\/06\/homic\u00eddio-em-Euclides-da-Cunha-2019.2-195x146.jpg 195w, https:\/\/www.portalalerta.com.br\/wp-content\/uploads\/2019\/06\/homic\u00eddio-em-Euclides-da-Cunha-2019.2-50x38.jpg 50w, https:\/\/www.portalalerta.com.br\/wp-content\/uploads\/2019\/06\/homic\u00eddio-em-Euclides-da-Cunha-2019.2-100x75.jpg 100w\" sizes=\"(max-width: 400px) 100vw, 400px\" \/><figcaption id=\"caption-attachment-17840\" class=\"wp-caption-text\">Dupla assassinada em Euclides da Cunha-BA<\/figcaption><\/figure>\n<p style=\"text-align: justify;\">Poucas horas depois, por volta das 02:00hs da madrugada de s\u00e1bado, 22, dois homens invadiram uma resid\u00eancia, tamb\u00e9m situada no bairro Populares, no referido munic\u00edpio, onde executaram \u00e0 tiros Joaquim Batista dos Santos Junior (Junior de Nunum).<\/p>\n<p style=\"text-align: justify;\"><img decoding=\"async\" class=\"size-full wp-image-2867 aligncenter\" src=\"http:\/\/www.portalalerta.com.br\/wp-content\/uploads\/2017\/11\/protege-1.jpg\" alt=\"\" width=\"600\" height=\"140\" \/>De acordo com informa\u00e7\u00f5es preliminares, \u201cJunior de Nunum\u201d era propriet\u00e1rio de um bar situado na Av. Renato Campos, e era irm\u00e3o de \u201cCosme Camb\u00e3o\u201d, uma das v\u00edtimas do duplo homic\u00eddio ocorrido na noite anterior.<\/p>\n<figure id=\"attachment_17841\" aria-describedby=\"caption-attachment-17841\" style=\"width: 400px\" class=\"wp-caption aligncenter\"><img decoding=\"async\" class=\"wp-image-17841 size-full\" src=\"http:\/\/www.portalalerta.com.br\/wp-content\/uploads\/2019\/06\/homic\u00eddio-em-Euclides-da-Cunha-2019.3.jpg\" alt=\"\" width=\"400\" height=\"250\" srcset=\"https:\/\/www.portalalerta.com.br\/wp-content\/uploads\/2019\/06\/homic\u00eddio-em-Euclides-da-Cunha-2019.3.jpg 400w, https:\/\/www.portalalerta.com.br\/wp-content\/uploads\/2019\/06\/homic\u00eddio-em-Euclides-da-Cunha-2019.3-384x240.jpg 384w, https:\/\/www.portalalerta.com.br\/wp-content\/uploads\/2019\/06\/homic\u00eddio-em-Euclides-da-Cunha-2019.3-234x146.jpg 234w, https:\/\/www.portalalerta.com.br\/wp-content\/uploads\/2019\/06\/homic\u00eddio-em-Euclides-da-Cunha-2019.3-50x31.jpg 50w, https:\/\/www.portalalerta.com.br\/wp-content\/uploads\/2019\/06\/homic\u00eddio-em-Euclides-da-Cunha-2019.3-120x75.jpg 120w\" sizes=\"(max-width: 400px) 100vw, 400px\" \/><figcaption id=\"caption-attachment-17841\" class=\"wp-caption-text\">&#8220;Junior de Nunum&#8221; foi assassinado dentro da pr\u00f3pria casa<\/figcaption><\/figure>\n<p style=\"text-align: justify;\">Policiais militares estiveram no local, onde realizaram buscas pelos suspeitos, por\u00e9m at\u00e9 o momento do fechamento desta mat\u00e9ria ningu\u00e9m tinha sido preso.<\/p>\n<p style=\"text-align: justify;\">Os crimes est\u00e3o sendo investigados pela Pol\u00edcia Civil local.<\/p>\n<p style=\"text-align: justify;\"><a href=\"http:\/\/www.facebook.com.br\/pombalalerta\"><strong>Curta nossa p\u00e1gina no facebook, e continue atualizado sobre tudo o que acontece em sua cidade!<\/strong><\/a><\/p>\n<p style=\"text-align: justify;\"><a href=\"https:\/\/play.google.com\/store\/apps\/details?id=com.globalstore.pombalalerta&amp;hl=pt_BR\"><strong>Baixe o nosso aplicativo, e fique de olho na not\u00edcia!<\/strong><\/a><\/p>\n<p style=\"text-align: justify;\"><em>Reda\u00e7\u00e3o: Portal Alerta<\/em><\/p>\n<p style=\"text-align: justify;\"><em>Com informa\u00e7\u00f5es: A Voz do Campo <\/em><\/p>\n","protected":false},"excerpt":{"rendered":"<p>Na noite de \u00faltima sexta-feira, 21, dois homens foram assassinados \u00e0 tiros, em Euclides da Cunha-BA. O crime aconteceu no bairro Populares, quando um a dupla identificada como \u201cGegeu\u201d e \u201cCosme Camb\u00e3o\u201d foi alvejada pelos disparos.<\/p>\n","protected":false},"author":2,"featured_media":13301,"comment_status":"open","ping_status":"open","sticky":false,"template":"","format":"standard","meta":{"om_disable_all_campaigns":false,"_monsterinsights_skip_tracking":false,"_monsterinsights_sitenote_active":false,"_monsterinsights_sitenote_note":"","_monsterinsights_sitenote_category":0,"footnotes":""},"categories":[70,17,69,32,22],"tags":[129,2074,122,79],"class_list":["post-17839","post","type-post","status-publish","format-standard","has-post-thumbnail","hentry","category-destaques","category-euclides-da-cunha","category-noticias2","category-regiao","category-seguranca","tag-euclides-da-cunha","tag-homicidios","tag-policia-civil","tag-policia-militar"],"aioseo_notices":[],"_links":{"self":[{"href":"https:\/\/www.portalalerta.com.br\/index.php\/wp-json\/wp\/v2\/posts\/17839","targetHints":{"allow":["GET"]}}],"collection":[{"href":"https:\/\/www.portalalerta.com.br\/index.php\/wp-json\/wp\/v2\/posts"}],"about":[{"href":"https:\/\/www.portalalerta.com.br\/index.php\/wp-json\/wp\/v2\/types\/post"}],"author":[{"embeddable":true,"href":"https:\/\/www.portalalerta.com.br\/index.php\/wp-json\/wp\/v2\/users\/2"}],"replies":[{"embeddable":true,"href":"https:\/\/www.portalalerta.com.br\/index.php\/wp-json\/wp\/v2\/comments?post=17839"}],"version-history":[{"count":0,"href":"https:\/\/www.portalalerta.com.br\/index.php\/wp-json\/wp\/v2\/posts\/17839\/revisions"}],"wp:featuredmedia":[{"embeddable":true,"href":"https:\/\/www.portalalerta.com.br\/index.php\/wp-json\/wp\/v2\/media\/13301"}],"wp:attachment":[{"href":"https:\/\/www.portalalerta.com.br\/index.php\/wp-json\/wp\/v2\/media?parent=17839"}],"wp:term":[{"taxonomy":"category","embeddable":true,"href":"https:\/\/www.portalalerta.com.br\/index.php\/wp-json\/wp\/v2\/categories?post=17839"},{"taxonomy":"post_tag","embeddable":true,"href":"https:\/\/www.portalalerta.com.br\/index.php\/wp-json\/wp\/v2\/tags?post=17839"}],"curies":[{"name":"wp","href":"https:\/\/api.w.org\/{rel}","templated":true}]}}